{"id":174180,"date":"2021-07-17T01:22:24","date_gmt":"2021-07-17T01:22:24","guid":{"rendered":"https:\/\/www.enteratever.com\/2023\/busca-mejorar-la-calidad-educativa-de-la-uv\/"},"modified":"2021-07-17T01:22:24","modified_gmt":"2021-07-17T01:22:24","slug":"busca-mejorar-la-calidad-educativa-de-la-uv","status":"publish","type":"post","link":"https:\/\/www.enteratever.com\/2023\/2021\/07\/17\/busca-mejorar-la-calidad-educativa-de-la-uv\/","title":{"rendered":"Busca mejorar la calidad educativa de la UV"},"content":{"rendered":"<p>Visitas: 2<\/p>\n<p class=\"wp-block-paragraph\">Durante la vista de Rafael Vela Mart\u00ednez, Candidato a la Rector\u00eda de la Universidad Veracruzana (UV), dijo que una de sus propuestas es buscar incrementar el n\u00famero de alumnos que puedan ingresar a la m\u00e1xima casa de estudios, ya que actualmente solo pueden ingresar el 37 por ciento, por lo que con las nuevas tecnolog\u00edas que se buscan implementar esto les permita tener clases de calidad y que puedan interactuar con j\u00f3venes del pa\u00eds o del mundo.<\/p>\n\n\n\n<p class=\"wp-block-paragraph\">El aspirante a la rector\u00eda coment\u00f3 que el incrementar la matr\u00edcula estudiantil esto no estar\u00e1 generando que se invierta m\u00e1s recursos econ\u00f3micos para la creaci\u00f3n de infraestructura en las cinco regiones con las que cuenta la m\u00e1xima casa de estudios ya que con las nuevas tecnolog\u00edas que busca implementar esto estar\u00e1 permitiendo que los j\u00f3venes tengan clases en plataformas que puedan tener interacci\u00f3n con j\u00f3venes de otras universidades del pa\u00eds y del mundo.<\/p>\n\n\n\n<p class=\"wp-block-paragraph\">Dijo que a los docentes tambi\u00e9n se les estar\u00e1 solicitando que inviertan un poco m\u00e1s en lo que es la ense\u00f1anza para que los j\u00f3venes tengan gran capacidad, pues actualmente un joven egresado a los dos a\u00f1os ya fue rebasado por la tecnolog\u00eda, es por eso que estar\u00e1n realizando algunas nuevas reformas que le permita a la Universidad Veracruzana tener presencia a nivel nacional y mundial.<\/p>\n\n\n\n<p class=\"wp-block-paragraph\">Entre sus propuestas es el reducir el tiempo en el que los estudiantes culminen sus carreras universitarias, ya que actualmente un joven puede terminar hasta en seis a\u00f1os, tiempo que el joven ya podr\u00eda estar trabajando o estudiando alguna maestr\u00eda, por lo que estar\u00e1 creando carreras t\u00e9cnicas superior, en la cuales en un plazo menor los estudiantes ya podr\u00e1n trabajar y estar\u00e1n muy bien capacitados.<\/p>\n\n\n\n<p class=\"wp-block-paragraph\">Argument\u00f3 que la regi\u00f3n Poza Rica &#8211; Tuxpan ha sido la m\u00e1s castigadas para el ingreso a la universidad, ya que se les aplica un examen como si estuvieran saliendo de un bachillerato de alto nivel y reconocimiento, adem\u00e1s est\u00e1n los j\u00f3venes de las zonas serranas los cuales tuvieron que recibir clases video grabadas, por lo que existe una desigualdad, es por eso que tambi\u00e9n busca que los j\u00f3venes de bachilleratos se les pueda capacitar para que tengan un mejor nivel educativo.<\/p>\n\n\n\n<p class=\"wp-block-paragraph\">Vela Mart\u00ednez mencion\u00f3 que el problema de las pasadas administraciones de los rectores ha sido pensar en beneficios hacia adentro de la escuela y no como expandirse, dijo que la administraci\u00f3n de Sara Ladr\u00f3n de Guevara dijo que los resultados no son lo que ellos esperaban, pues no de abrieron nuevas carreras, los j\u00f3venes al note y sur del estado prefieren estudiar en otros estados por qu\u00e9 no conocen la UV.<\/p>\n\n\n\n<p class=\"wp-block-paragraph\">Mencion\u00f3 que en alg\u00fan momento la junta de gobierno le hab\u00eda negado el derecho de registro, argumentando que ya no hab\u00eda cupo, por lo que hicieron lo necesario para que pudiera participar por la vicerrector\u00eda, dijo que no tenia un punto espec\u00edfico por el cual su registro no podr\u00eda ser v\u00e1lido ya que este fue en tiempo y forma, por lo que la junta de gobierno analiz\u00f3 la situaci\u00f3n y pues se le brindo la oportunidad.<\/p>\n\n\n\n<p class=\"wp-block-paragraph\">Cabe destacar que son 13 los aspirantes a este puesto el cual en los pr\u00f3ximos meses se dar\u00e1 a conocer qui\u00e9n ser\u00e1 el nuevo Vicerrector de la m\u00e1xima casa de estudios, por lo que resalt\u00f3 que sus propuestas si se pueden lograr y espera que todo se alinee a su favor y pueda comenzar a trabajar en este proyecto.<\/p>\n\n\n\n<figure class=\"wp-block-gallery columns-1 wp-block-gallery-1 is-layout-flex wp-block-gallery-is-layout-flex\"><ul class=\"blocks-gallery-grid\"><li class=\"blocks-gallery-item\"><figure><img decoding=\"async\" src=\"https:\/\/www.enteratever.com\/2020\/wp-content\/uploads\/2021\/07\/WhatsApp-Image-2021-07-16-at-16.48.00.jpeg\" alt=\"\" data-id=\"50917\" data-full-url=\"https:\/\/www.enteratever.com\/2020\/wp-content\/uploads\/2021\/07\/WhatsApp-Image-2021-07-16-at-16.48.00.jpeg\" data-link=\"https:\/\/www.enteratever.com\/?attachment_id=50917\" class=\"wp-image-50917\"\/><\/figure><\/li><li class=\"blocks-gallery-item\"><figure><img decoding=\"async\" src=\"https:\/\/www.enteratever.com\/2020\/wp-content\/uploads\/2021\/07\/WhatsApp-Image-2021-07-16-at-16.48.02.jpeg\" alt=\"\" data-id=\"50918\" data-full-url=\"https:\/\/www.enteratever.com\/2020\/wp-content\/uploads\/2021\/07\/WhatsApp-Image-2021-07-16-at-16.48.02.jpeg\" data-link=\"https:\/\/www.enteratever.com\/?attachment_id=50918\" class=\"wp-image-50918\"\/><\/figure><\/li><\/ul><\/figure>\n","protected":false},"excerpt":{"rendered":"<p>Visitas: 2 Durante la vista de Rafael Vela Mart\u00ednez, Candidato a la Rector\u00eda de la Universidad Veracruzana (UV), dijo que una de sus propuestas es buscar incrementar el n\u00famero de alumnos que puedan ingresar a la m\u00e1xima casa de estudios, ya que actualmente solo pueden ingresar el 37 por ciento, por lo que con las [&hellip;]<\/p>\n","protected":false},"author":4,"featured_media":174181,"comment_status":"open","ping_status":"open","sticky":false,"template":"","format":"standard","meta":{"footnotes":""},"categories":[213],"tags":[],"class_list":["post-174180","post","type-post","status-publish","format-standard","has-post-thumbnail","category-poza-rica"],"nelio_content":{"isAutoShareEnabled":true,"autoShareEndMode":"never","automationSources":{"useCustomSentences":false,"customSentences":[]},"followers":[],"suggestedReferences":[],"efiUrl":"","efiAlt":"","highlights":[],"permalinkQueryArgs":[],"series":[]},"_links":{"self":[{"href":"https:\/\/www.enteratever.com\/2023\/wp-json\/wp\/v2\/posts\/174180","targetHints":{"allow":["GET"]}}],"collection":[{"href":"https:\/\/www.enteratever.com\/2023\/wp-json\/wp\/v2\/posts"}],"about":[{"href":"https:\/\/www.enteratever.com\/2023\/wp-json\/wp\/v2\/types\/post"}],"author":[{"embeddable":true,"href":"https:\/\/www.enteratever.com\/2023\/wp-json\/wp\/v2\/users\/4"}],"replies":[{"embeddable":true,"href":"https:\/\/www.enteratever.com\/2023\/wp-json\/wp\/v2\/comments?post=174180"}],"version-history":[{"count":0,"href":"https:\/\/www.enteratever.com\/2023\/wp-json\/wp\/v2\/posts\/174180\/revisions"}],"wp:featuredmedia":[{"embeddable":true,"href":"https:\/\/www.enteratever.com\/2023\/wp-json\/wp\/v2\/media\/174181"}],"wp:attachment":[{"href":"https:\/\/www.enteratever.com\/2023\/wp-json\/wp\/v2\/media?parent=174180"}],"wp:term":[{"taxonomy":"category","embeddable":true,"href":"https:\/\/www.enteratever.com\/2023\/wp-json\/wp\/v2\/categories?post=174180"},{"taxonomy":"post_tag","embeddable":true,"href":"https:\/\/www.enteratever.com\/2023\/wp-json\/wp\/v2\/tags?post=174180"}],"curies":[{"name":"wp","href":"https:\/\/api.w.org\/{rel}","templated":true}]}}