{"id":174178,"date":"2021-07-16T19:35:14","date_gmt":"2021-07-16T19:35:14","guid":{"rendered":"https:\/\/www.enteratever.com\/2023\/instalan-modulos-de-la-consulta-ciudada-apesar-de-que-se-esta-en-veda\/"},"modified":"2021-07-16T19:35:14","modified_gmt":"2021-07-16T19:35:14","slug":"instalan-modulos-de-la-consulta-ciudada-apesar-de-que-se-esta-en-veda","status":"publish","type":"post","link":"https:\/\/www.enteratever.com\/2023\/2021\/07\/16\/instalan-modulos-de-la-consulta-ciudada-apesar-de-que-se-esta-en-veda\/","title":{"rendered":"Instalan m\u00f3dulos de la Consulta Ciudadana a pesar de que se est\u00e1 en veda"},"content":{"rendered":"<p>Visitas: 0<\/p>\n<p class=\"wp-block-paragraph\">A pesar de que se dio a conocer que desde el pasado 15 de julio comenzaba la veda electoral para la consulta ciudadana para enjuiciar a los ex presidentes de la rep\u00fablica y el INE ser\u00eda el \u00fanico que pudiera hablar respecto a este tema, m\u00f3dulos informativos siguen siendo colocados en plazas y parques del centro de la ciudad para seguir promoviendo esta actividad.<\/p>\n\n\n\n<p class=\"wp-block-paragraph\">En d\u00edas pasados se dio a conocer que partir del 15 y hasta el pr\u00f3ximo primero de agosto se estar\u00e1n llevando la consulta ciudadana ya no se podr\u00eda la \u00fanica instancia que podr\u00eda hablar del tema ser\u00eda ser\u00eda el INE, ya que esta se encarga de realizar la consulta, por lo que ellos tendr\u00e1n los pormenores de este evento que se realizar\u00e1 a nivel nacional.<\/p>\n\n\n\n<p class=\"wp-block-paragraph\">Al igual se dijo que de no cumplir de estar\u00eda iniciando un proceso especial sancionador, por lo que solo queda esperar a que el INE en este municipio comience con la investigaci\u00f3n, ya que modulo se mantendr\u00e1 hasta las 16:00 horas en algunos puntos estrat\u00e9gicos de la ciudad, Esto para seguir invitando a la poblaci\u00f3n a que participen en este proceso que se llevar\u00e1 el primero de agosto en todo M\u00e9xico.<\/p>\n\n\n\n<p class=\"wp-block-paragraph\">Cabe destacar que el gobernador de Veracruz, dijo que no estaba de acuerdo que se tuviera que hacer la veda electoral, pero el estar\u00e1 respetando los lineamientos del INE, se\u00f1al\u00f3 que no encuentra relaci\u00f3n a lo que se hace en una campa\u00f1a para dar a conocer acciones del Gobierno Estatal con una consulta popular en la que se cuestiona o se recaba la opini\u00f3n sobre el papel que jugaron administraciones anteriores.<\/p>\n\n\n\n<p class=\"wp-block-paragraph\">Por su parte el presidente de la rep\u00fablica, Andr\u00e9s Manuel L\u00f3pez Obrador, en la ma\u00f1anera de este viernes dijo que desconoc\u00eda que hubiera veda electoral por la consulta ciudadana, por lo que se l tuvo que explicar que s\u00f3lo se puede abordar temas referentes a salud, educaci\u00f3n, seguridad y protecci\u00f3n civil.<\/p>\n\n\n\n<figure class=\"wp-block-gallery columns-1 wp-block-gallery-1 is-layout-flex wp-block-gallery-is-layout-flex\"><ul class=\"blocks-gallery-grid\"><li class=\"blocks-gallery-item\"><figure><img decoding=\"async\" src=\"https:\/\/www.enteratever.com\/2020\/wp-content\/uploads\/2021\/07\/WhatsApp-Image-2021-07-16-at-14.05.38.jpeg\" alt=\"\" data-id=\"50910\" data-full-url=\"https:\/\/www.enteratever.com\/2020\/wp-content\/uploads\/2021\/07\/WhatsApp-Image-2021-07-16-at-14.05.38.jpeg\" data-link=\"https:\/\/www.enteratever.com\/?attachment_id=50910\" class=\"wp-image-50910\"\/><\/figure><\/li><li class=\"blocks-gallery-item\"><figure><img decoding=\"async\" src=\"https:\/\/www.enteratever.com\/2020\/wp-content\/uploads\/2021\/07\/WhatsApp-Image-2021-07-16-at-14.05.39.jpeg\" alt=\"\" data-id=\"50911\" data-full-url=\"https:\/\/www.enteratever.com\/2020\/wp-content\/uploads\/2021\/07\/WhatsApp-Image-2021-07-16-at-14.05.39.jpeg\" data-link=\"https:\/\/www.enteratever.com\/?attachment_id=50911\" class=\"wp-image-50911\"\/><\/figure><\/li><li class=\"blocks-gallery-item\"><figure><img decoding=\"async\" src=\"https:\/\/www.enteratever.com\/2020\/wp-content\/uploads\/2021\/07\/WhatsApp-Image-2021-07-16-at-14.05.41.jpeg\" alt=\"\" data-id=\"50912\" data-full-url=\"https:\/\/www.enteratever.com\/2020\/wp-content\/uploads\/2021\/07\/WhatsApp-Image-2021-07-16-at-14.05.41.jpeg\" data-link=\"https:\/\/www.enteratever.com\/?attachment_id=50912\" class=\"wp-image-50912\"\/><\/figure><\/li><li class=\"blocks-gallery-item\"><figure><img decoding=\"async\" src=\"https:\/\/www.enteratever.com\/2020\/wp-content\/uploads\/2021\/07\/WhatsApp-Image-2021-07-16-at-14.05.40.jpeg\" alt=\"\" data-id=\"50913\" data-full-url=\"https:\/\/www.enteratever.com\/2020\/wp-content\/uploads\/2021\/07\/WhatsApp-Image-2021-07-16-at-14.05.40.jpeg\" data-link=\"https:\/\/www.enteratever.com\/?attachment_id=50913\" class=\"wp-image-50913\"\/><\/figure><\/li><li class=\"blocks-gallery-item\"><figure><img decoding=\"async\" src=\"https:\/\/www.enteratever.com\/2020\/wp-content\/uploads\/2021\/07\/WhatsApp-Image-2021-07-16-at-14.05.42.jpeg\" alt=\"\" data-id=\"50914\" data-full-url=\"https:\/\/www.enteratever.com\/2020\/wp-content\/uploads\/2021\/07\/WhatsApp-Image-2021-07-16-at-14.05.42.jpeg\" data-link=\"https:\/\/www.enteratever.com\/?attachment_id=50914\" class=\"wp-image-50914\"\/><\/figure><\/li><\/ul><\/figure>\n","protected":false},"excerpt":{"rendered":"<p>Visitas: 0 A pesar de que se dio a conocer que desde el pasado 15 de julio comenzaba la veda electoral para la consulta ciudadana para enjuiciar a los ex presidentes de la rep\u00fablica y el INE ser\u00eda el \u00fanico que pudiera hablar respecto a este tema, m\u00f3dulos informativos siguen siendo colocados en plazas y [&hellip;]<\/p>\n","protected":false},"author":4,"featured_media":174179,"comment_status":"open","ping_status":"open","sticky":false,"template":"","format":"standard","meta":{"footnotes":""},"categories":[213],"tags":[],"class_list":["post-174178","post","type-post","status-publish","format-standard","has-post-thumbnail","category-poza-rica"],"nelio_content":{"isAutoShareEnabled":true,"autoShareEndMode":"never","automationSources":{"useCustomSentences":false,"customSentences":[]},"followers":[],"suggestedReferences":[],"efiUrl":"","efiAlt":"","highlights":[],"permalinkQueryArgs":[],"series":[]},"_links":{"self":[{"href":"https:\/\/www.enteratever.com\/2023\/wp-json\/wp\/v2\/posts\/174178","targetHints":{"allow":["GET"]}}],"collection":[{"href":"https:\/\/www.enteratever.com\/2023\/wp-json\/wp\/v2\/posts"}],"about":[{"href":"https:\/\/www.enteratever.com\/2023\/wp-json\/wp\/v2\/types\/post"}],"author":[{"embeddable":true,"href":"https:\/\/www.enteratever.com\/2023\/wp-json\/wp\/v2\/users\/4"}],"replies":[{"embeddable":true,"href":"https:\/\/www.enteratever.com\/2023\/wp-json\/wp\/v2\/comments?post=174178"}],"version-history":[{"count":0,"href":"https:\/\/www.enteratever.com\/2023\/wp-json\/wp\/v2\/posts\/174178\/revisions"}],"wp:featuredmedia":[{"embeddable":true,"href":"https:\/\/www.enteratever.com\/2023\/wp-json\/wp\/v2\/media\/174179"}],"wp:attachment":[{"href":"https:\/\/www.enteratever.com\/2023\/wp-json\/wp\/v2\/media?parent=174178"}],"wp:term":[{"taxonomy":"category","embeddable":true,"href":"https:\/\/www.enteratever.com\/2023\/wp-json\/wp\/v2\/categories?post=174178"},{"taxonomy":"post_tag","embeddable":true,"href":"https:\/\/www.enteratever.com\/2023\/wp-json\/wp\/v2\/tags?post=174178"}],"curies":[{"name":"wp","href":"https:\/\/api.w.org\/{rel}","templated":true}]}}