{"id":174174,"date":"2021-07-16T02:12:42","date_gmt":"2021-07-16T02:12:42","guid":{"rendered":"https:\/\/www.enteratever.com\/2023\/del-19-al-23-de-julio-vacunaran-a-ciudadanos-de-30-a-39-anos\/"},"modified":"2021-07-16T02:12:42","modified_gmt":"2021-07-16T02:12:42","slug":"del-19-al-23-de-julio-vacunaran-a-ciudadanos-de-30-a-39-anos","status":"publish","type":"post","link":"https:\/\/www.enteratever.com\/2023\/2021\/07\/16\/del-19-al-23-de-julio-vacunaran-a-ciudadanos-de-30-a-39-anos\/","title":{"rendered":"Del 19 al 23 de julio vacunar\u00e1n a ciudadanos de 30 a 39 a\u00f1os"},"content":{"rendered":"<p>Visitas: 0<\/p>\n<p class=\"wp-block-paragraph\">Poza Rica, Veracruz.- Para continuar con el plan de vacunaci\u00f3n el delegado regional de Programas Sociales del Bienestar, Emilio Olvera Andrade dio a conocer las fechas en las que se estar\u00e1n vacunando a las personas de 30 a 39 a\u00f1os de edad, los cuales est\u00e1n siendo avisados para que acudan al punto donde estar\u00e1n recibiendo la primera dosis.<\/p>\n\n\n\n<p class=\"wp-block-paragraph\">La aplicaci\u00f3n de la vacuna ser\u00e1 del lunes 19 de julio al 23 de julio, en las instalaciones de la Plaza C\u00edvica 18 de marzo, por lo que los ciudadanos tanto de Coatzintla, Poza Rica y Tihuatl\u00e1n deber\u00e1n de acudir de acuerdo a la fecha que se les ha asignado, esto para evitar largas filas mientras esperan recibir la vacuna que en jornadas pasadas no se han hecho.<\/p>\n\n\n\n<p class=\"wp-block-paragraph\">Los lugares quedaron asignados de la siguiente forma: lunes de la \u201cA\u201d a la \u201cE\u201d, martes de la \u201cF\u201d a la \u201cJ\u201d; mi\u00e9rcoles de la \u201cK\u201d a la \u201cO\u201d, jueves de la \u201cP\u201d a la \u201cT\u201d y viernes de la \u201cU\u201d a la \u201cZ\u201d, \u00b4por lo que de no contar con cita podr\u00e1n llamar al n\u00famero telef\u00f3nico 7827770081, en donde ser\u00e1n atendidos por un servidor de la naci\u00f3n y se les asignar\u00e1 una fecha y un horario.<\/p>\n\n\n\n<p class=\"wp-block-paragraph\">Olvera Andrade dijo que las personas que por alg\u00fan motivo no recibieron la primera dosis esta ser\u00e1 la oportunidad que tendr\u00e1n, por lo que deber\u00e1n llevar su credencial de elector para comprobar que pertenecen a los municipios antes mencionados, esto para evitar que personas de otras partes se traten de vacunar.<\/p>\n\n\n\n<p class=\"wp-block-paragraph\">Por lo que dijo invita a todas las personas en este rango de edad a que acudan a recibir su vacuna, ya que es de esta manera en c\u00f3mo se podr\u00e1 controlar la tercera ola de contagios de esta enfermedad, ya que se sabe que a diario 20 personas dan positivo a este virus, por lo que este es el momento que la sociedad estuvo esperando para poder estar mas tranquilos y poder regresar a las actividades normales.<\/p>\n\n\n\n<figure class=\"wp-block-gallery columns-1 wp-block-gallery-1 is-layout-flex wp-block-gallery-is-layout-flex\"><ul class=\"blocks-gallery-grid\"><li class=\"blocks-gallery-item\"><figure><img decoding=\"async\" src=\"https:\/\/www.enteratever.com\/2020\/wp-content\/uploads\/2021\/07\/WhatsApp-Image-2021-07-15-at-20.38.06.jpeg\" alt=\"\" data-id=\"50858\" data-full-url=\"https:\/\/www.enteratever.com\/2020\/wp-content\/uploads\/2021\/07\/WhatsApp-Image-2021-07-15-at-20.38.06.jpeg\" data-link=\"https:\/\/www.enteratever.com\/?attachment_id=50858\" class=\"wp-image-50858\"\/><\/figure><\/li><li class=\"blocks-gallery-item\"><figure><img decoding=\"async\" src=\"https:\/\/www.enteratever.com\/2020\/wp-content\/uploads\/2021\/07\/WhatsApp-Image-2021-07-15-at-20.38.09.jpeg\" alt=\"\" data-id=\"50859\" data-full-url=\"https:\/\/www.enteratever.com\/2020\/wp-content\/uploads\/2021\/07\/WhatsApp-Image-2021-07-15-at-20.38.09.jpeg\" data-link=\"https:\/\/www.enteratever.com\/?attachment_id=50859\" class=\"wp-image-50859\"\/><\/figure><\/li><li class=\"blocks-gallery-item\"><figure><img decoding=\"async\" src=\"https:\/\/www.enteratever.com\/2020\/wp-content\/uploads\/2021\/07\/WhatsApp-Image-2021-07-15-at-20.38.08.jpeg\" alt=\"\" data-id=\"50860\" data-full-url=\"https:\/\/www.enteratever.com\/2020\/wp-content\/uploads\/2021\/07\/WhatsApp-Image-2021-07-15-at-20.38.08.jpeg\" data-link=\"https:\/\/www.enteratever.com\/?attachment_id=50860\" class=\"wp-image-50860\"\/><\/figure><\/li><\/ul><\/figure>\n","protected":false},"excerpt":{"rendered":"<p>Visitas: 0 Poza Rica, Veracruz.- Para continuar con el plan de vacunaci\u00f3n el delegado regional de Programas Sociales del Bienestar, Emilio Olvera Andrade dio a conocer las fechas en las que se estar\u00e1n vacunando a las personas de 30 a 39 a\u00f1os de edad, los cuales est\u00e1n siendo avisados para que acudan al punto donde [&hellip;]<\/p>\n","protected":false},"author":4,"featured_media":174175,"comment_status":"open","ping_status":"open","sticky":false,"template":"","format":"standard","meta":{"footnotes":""},"categories":[213],"tags":[],"class_list":["post-174174","post","type-post","status-publish","format-standard","has-post-thumbnail","category-poza-rica"],"nelio_content":{"isAutoShareEnabled":true,"autoShareEndMode":"never","automationSources":{"useCustomSentences":false,"customSentences":[]},"followers":[],"suggestedReferences":[],"efiUrl":"","efiAlt":"","highlights":[],"permalinkQueryArgs":[],"series":[]},"_links":{"self":[{"href":"https:\/\/www.enteratever.com\/2023\/wp-json\/wp\/v2\/posts\/174174","targetHints":{"allow":["GET"]}}],"collection":[{"href":"https:\/\/www.enteratever.com\/2023\/wp-json\/wp\/v2\/posts"}],"about":[{"href":"https:\/\/www.enteratever.com\/2023\/wp-json\/wp\/v2\/types\/post"}],"author":[{"embeddable":true,"href":"https:\/\/www.enteratever.com\/2023\/wp-json\/wp\/v2\/users\/4"}],"replies":[{"embeddable":true,"href":"https:\/\/www.enteratever.com\/2023\/wp-json\/wp\/v2\/comments?post=174174"}],"version-history":[{"count":0,"href":"https:\/\/www.enteratever.com\/2023\/wp-json\/wp\/v2\/posts\/174174\/revisions"}],"wp:featuredmedia":[{"embeddable":true,"href":"https:\/\/www.enteratever.com\/2023\/wp-json\/wp\/v2\/media\/174175"}],"wp:attachment":[{"href":"https:\/\/www.enteratever.com\/2023\/wp-json\/wp\/v2\/media?parent=174174"}],"wp:term":[{"taxonomy":"category","embeddable":true,"href":"https:\/\/www.enteratever.com\/2023\/wp-json\/wp\/v2\/categories?post=174174"},{"taxonomy":"post_tag","embeddable":true,"href":"https:\/\/www.enteratever.com\/2023\/wp-json\/wp\/v2\/tags?post=174174"}],"curies":[{"name":"wp","href":"https:\/\/api.w.org\/{rel}","templated":true}]}}