{"id":174158,"date":"2021-07-13T22:10:29","date_gmt":"2021-07-13T22:10:29","guid":{"rendered":"https:\/\/www.enteratever.com\/2023\/en-poza-rica-no-habra-despido-de-personal-de-confianza-velazquez-vallejo\/"},"modified":"2021-07-13T22:10:29","modified_gmt":"2021-07-13T22:10:29","slug":"en-poza-rica-no-habra-despido-de-personal-de-confianza-velazquez-vallejo","status":"publish","type":"post","link":"https:\/\/www.enteratever.com\/2023\/2021\/07\/13\/en-poza-rica-no-habra-despido-de-personal-de-confianza-velazquez-vallejo\/","title":{"rendered":"En Poza Rica no habr\u00e1 despido de personal de confianza: Vel\u00e1zquez Vallejo"},"content":{"rendered":"<p>Visitas: 0<\/p>\n<p class=\"wp-block-paragraph\">A pocos meses de que concluya la administraci\u00f3n del Francisco Javier Vel\u00e1zquez Vallejo, presidente municipal de Poza Rica, dijo que han tratado evitar despidos de empleados de confianza y respetar los acuerdos que ya se ten\u00edan, pues a tiempo se realizaron los ajustes necesarios, esto luego de que en municipios cercanos se presentaron problemas financieros y tuvieron que hacer recorte de personal.<\/p>\n\n\n\n<p class=\"wp-block-paragraph\">Coment\u00f3 que en Poza Rica no se estar\u00e1 corriendo a nadie, pues en el ayuntamiento no existen problemas econ\u00f3micos, destac\u00f3 que en algunos municipios ya es poco los recursos que les queda y pues han tenido que despedir gente, pero en la ciudad no es el caso, por lo que los empelados de confianza deben de estar tranquilos de que estar\u00e1n concluyendo la administraci\u00f3n y se les estar\u00e1 cumpliendo con su pago.<\/p>\n\n\n\n<p class=\"wp-block-paragraph\">Por otra parte, habl\u00f3 sobre las obras p\u00fablicas contempladas para este a\u00f1o, est\u00e1n en ejecuci\u00f3n y se tiene que terminar antes del mes de octubre, ya que en este mes es cuando cierra el ejercicio fiscal de este 2021, por lo que ya no se tienen contempladas m\u00e1s obras para la ciudad.<\/p>\n\n\n\n<p class=\"wp-block-paragraph\">Algunas de estas ya fueron empezadas, como la remodelaci\u00f3n del parque de las Am\u00e9ricas, el cual es un sitio emblem\u00e1tico de la ciudad, el cual ya se encontraba en el abandono, por lo que decidieron que ten\u00edan hacer unas modificaciones a este, adem\u00e1s de que cuenta con un mirador espectacular y no se puede desperdiciar.<\/p>\n\n\n\n<p class=\"wp-block-paragraph\">Destac\u00f3 que son mas de 70 obras entre pavimentos, drenajes, balizamiento y el reemplazo de sem\u00e1foros, la remodelaci\u00f3n de parques en diferentes colonias de la ciudad, y dem\u00e1s trabajos que se realizan en las colonias, que garantizan el desarrollo de los ciudadanos.<\/p>\n\n\n\n<figure class=\"wp-block-gallery columns-1 wp-block-gallery-1 is-layout-flex wp-block-gallery-is-layout-flex\"><ul class=\"blocks-gallery-grid\"><li class=\"blocks-gallery-item\"><figure><img decoding=\"async\" src=\"https:\/\/www.enteratever.com\/2020\/wp-content\/uploads\/2021\/07\/WhatsApp-Image-2021-07-13-at-15.38.38.jpeg\" alt=\"\" data-id=\"50626\" data-full-url=\"https:\/\/www.enteratever.com\/2020\/wp-content\/uploads\/2021\/07\/WhatsApp-Image-2021-07-13-at-15.38.38.jpeg\" data-link=\"https:\/\/www.enteratever.com\/?attachment_id=50626\" class=\"wp-image-50626\"\/><\/figure><\/li><li class=\"blocks-gallery-item\"><figure><img decoding=\"async\" src=\"https:\/\/www.enteratever.com\/2020\/wp-content\/uploads\/2021\/07\/WhatsApp-Image-2021-07-13-at-15.40.07.jpeg\" alt=\"\" data-id=\"50627\" data-full-url=\"https:\/\/www.enteratever.com\/2020\/wp-content\/uploads\/2021\/07\/WhatsApp-Image-2021-07-13-at-15.40.07.jpeg\" data-link=\"https:\/\/www.enteratever.com\/?attachment_id=50627\" class=\"wp-image-50627\"\/><\/figure><\/li><\/ul><\/figure>\n","protected":false},"excerpt":{"rendered":"<p>Visitas: 0 A pocos meses de que concluya la administraci\u00f3n del Francisco Javier Vel\u00e1zquez Vallejo, presidente municipal de Poza Rica, dijo que han tratado evitar despidos de empleados de confianza y respetar los acuerdos que ya se ten\u00edan, pues a tiempo se realizaron los ajustes necesarios, esto luego de que en municipios cercanos se presentaron [&hellip;]<\/p>\n","protected":false},"author":4,"featured_media":174159,"comment_status":"open","ping_status":"open","sticky":false,"template":"","format":"standard","meta":{"footnotes":""},"categories":[213],"tags":[],"class_list":["post-174158","post","type-post","status-publish","format-standard","has-post-thumbnail","category-poza-rica"],"nelio_content":{"isAutoShareEnabled":true,"autoShareEndMode":"never","automationSources":{"useCustomSentences":false,"customSentences":[]},"followers":[],"suggestedReferences":[],"efiUrl":"","efiAlt":"","highlights":[],"permalinkQueryArgs":[],"series":[]},"_links":{"self":[{"href":"https:\/\/www.enteratever.com\/2023\/wp-json\/wp\/v2\/posts\/174158","targetHints":{"allow":["GET"]}}],"collection":[{"href":"https:\/\/www.enteratever.com\/2023\/wp-json\/wp\/v2\/posts"}],"about":[{"href":"https:\/\/www.enteratever.com\/2023\/wp-json\/wp\/v2\/types\/post"}],"author":[{"embeddable":true,"href":"https:\/\/www.enteratever.com\/2023\/wp-json\/wp\/v2\/users\/4"}],"replies":[{"embeddable":true,"href":"https:\/\/www.enteratever.com\/2023\/wp-json\/wp\/v2\/comments?post=174158"}],"version-history":[{"count":0,"href":"https:\/\/www.enteratever.com\/2023\/wp-json\/wp\/v2\/posts\/174158\/revisions"}],"wp:featuredmedia":[{"embeddable":true,"href":"https:\/\/www.enteratever.com\/2023\/wp-json\/wp\/v2\/media\/174159"}],"wp:attachment":[{"href":"https:\/\/www.enteratever.com\/2023\/wp-json\/wp\/v2\/media?parent=174158"}],"wp:term":[{"taxonomy":"category","embeddable":true,"href":"https:\/\/www.enteratever.com\/2023\/wp-json\/wp\/v2\/categories?post=174158"},{"taxonomy":"post_tag","embeddable":true,"href":"https:\/\/www.enteratever.com\/2023\/wp-json\/wp\/v2\/tags?post=174158"}],"curies":[{"name":"wp","href":"https:\/\/api.w.org\/{rel}","templated":true}]}}