{"id":174156,"date":"2021-07-13T22:05:23","date_gmt":"2021-07-13T22:05:23","guid":{"rendered":"https:\/\/www.enteratever.com\/2023\/todo-dependera-de-la-ciudadania-si-poza-rica-regresa-a-rojo\/"},"modified":"2021-07-13T22:05:23","modified_gmt":"2021-07-13T22:05:23","slug":"todo-dependera-de-la-ciudadania-si-poza-rica-regresa-a-rojo","status":"publish","type":"post","link":"https:\/\/www.enteratever.com\/2023\/2021\/07\/13\/todo-dependera-de-la-ciudadania-si-poza-rica-regresa-a-rojo\/","title":{"rendered":"Todo depender\u00e1 de la ciudadan\u00eda si Poza Rica regresa a rojo"},"content":{"rendered":"<p>Visitas: 0<\/p>\n<p class=\"wp-block-paragraph\">De acuerdo con Abelardo Aguirre Guerrero, director de Desarrollo Social y Humano dijo que es importante que la poblaci\u00f3n de Poza Rica respete las medidas sanitarias para evitar regresar al color rojo en el sem\u00e1foro epidemiol\u00f3gico, como se vivi\u00f3 al inicio del a\u00f1o, ya que de no ser as\u00ed se tendr\u00e1n que aplicar medidas restrictivas para controlar los casos.<\/p>\n\n\n\n<p class=\"wp-block-paragraph\">El director mencion\u00f3 que hasta el momento solo se prohibieron los eventos de entretenimiento como en bares, cantinas, antros y salones de fiestas, sin embargo, no se ha cuartado la movilidad de la poblaci\u00f3n en el primer cuadro de la ciudad como se tuvo que hacer a\u00f1o pasado.<\/p>\n\n\n\n<p class=\"wp-block-paragraph\">Coment\u00f3 que depende de la misma poblaci\u00f3n el evitar que las medidas que se impongan en el municipio sean estrictas, por lo que pide que en este periodo vacacional eviten bajar la guardia para no tener que pasar la dif\u00edcil situaci\u00f3n en la que se encontraban en el mes de diciembre del a\u00f1o pasado e inicio del 2021.<\/p>\n\n\n\n<p class=\"wp-block-paragraph\">Fue durante esta temporada vacacional decembrina cuando llegaron turistas al municipio y algunas calles del primer cuadro de la ciudad como la Heroico Colegio Militar se llen\u00f3 de ambulantes, por lo que la poblaci\u00f3n estuvo mas propensa a padecer esta enfermedad, adem\u00e1s de que los hospitales se encontraban al punto del colapso.<\/p>\n\n\n\n<p class=\"wp-block-paragraph\">Destac\u00f3 que ser\u00e1 el pr\u00f3ximo 18 de julio cuando autoridades de salud, dar\u00e1n a conocer los avances que presenta el municipio respecto a los casos de covid-19 en el municipio petrolero, ser\u00e1 este d\u00eda cuando se sabr\u00e1 la situaci\u00f3n en la que se encuentra la ciudad y se decidir\u00e1n si Poza Rica continua en Naranja, pasa a Amarillo o bien se posiciona en rojo.<\/p>\n\n\n\n<figure class=\"wp-block-gallery columns-1 wp-block-gallery-1 is-layout-flex wp-block-gallery-is-layout-flex\"><ul class=\"blocks-gallery-grid\"><li class=\"blocks-gallery-item\"><figure><img decoding=\"async\" src=\"https:\/\/www.enteratever.com\/2020\/wp-content\/uploads\/2021\/07\/WhatsApp-Image-2021-07-13-at-15.37.24.jpeg\" alt=\"\" data-id=\"50620\" data-full-url=\"https:\/\/www.enteratever.com\/2020\/wp-content\/uploads\/2021\/07\/WhatsApp-Image-2021-07-13-at-15.37.24.jpeg\" data-link=\"https:\/\/www.enteratever.com\/?attachment_id=50620\" class=\"wp-image-50620\"\/><\/figure><\/li><li class=\"blocks-gallery-item\"><figure><img decoding=\"async\" src=\"https:\/\/www.enteratever.com\/2020\/wp-content\/uploads\/2021\/07\/WhatsApp-Image-2021-07-13-at-15.37.26.jpeg\" alt=\"\" data-id=\"50621\" data-full-url=\"https:\/\/www.enteratever.com\/2020\/wp-content\/uploads\/2021\/07\/WhatsApp-Image-2021-07-13-at-15.37.26.jpeg\" data-link=\"https:\/\/www.enteratever.com\/?attachment_id=50621\" class=\"wp-image-50621\"\/><\/figure><\/li><li class=\"blocks-gallery-item\"><figure><img decoding=\"async\" src=\"https:\/\/www.enteratever.com\/2020\/wp-content\/uploads\/2021\/07\/WhatsApp-Image-2021-07-13-at-15.37.27.jpeg\" alt=\"\" data-id=\"50622\" data-full-url=\"https:\/\/www.enteratever.com\/2020\/wp-content\/uploads\/2021\/07\/WhatsApp-Image-2021-07-13-at-15.37.27.jpeg\" data-link=\"https:\/\/www.enteratever.com\/?attachment_id=50622\" class=\"wp-image-50622\"\/><\/figure><\/li><li class=\"blocks-gallery-item\"><figure><img decoding=\"async\" src=\"https:\/\/www.enteratever.com\/2020\/wp-content\/uploads\/2021\/07\/WhatsApp-Image-2021-07-13-at-15.37.28.jpeg\" alt=\"\" data-id=\"50623\" data-full-url=\"https:\/\/www.enteratever.com\/2020\/wp-content\/uploads\/2021\/07\/WhatsApp-Image-2021-07-13-at-15.37.28.jpeg\" data-link=\"https:\/\/www.enteratever.com\/?attachment_id=50623\" class=\"wp-image-50623\"\/><\/figure><\/li><\/ul><\/figure>\n","protected":false},"excerpt":{"rendered":"<p>Visitas: 0 De acuerdo con Abelardo Aguirre Guerrero, director de Desarrollo Social y Humano dijo que es importante que la poblaci\u00f3n de Poza Rica respete las medidas sanitarias para evitar regresar al color rojo en el sem\u00e1foro epidemiol\u00f3gico, como se vivi\u00f3 al inicio del a\u00f1o, ya que de no ser as\u00ed se tendr\u00e1n que aplicar [&hellip;]<\/p>\n","protected":false},"author":4,"featured_media":174157,"comment_status":"open","ping_status":"open","sticky":false,"template":"","format":"standard","meta":{"footnotes":""},"categories":[213],"tags":[],"class_list":["post-174156","post","type-post","status-publish","format-standard","has-post-thumbnail","category-poza-rica"],"nelio_content":{"isAutoShareEnabled":true,"autoShareEndMode":"never","automationSources":{"useCustomSentences":false,"customSentences":[]},"followers":[],"suggestedReferences":[],"efiUrl":"","efiAlt":"","highlights":[],"permalinkQueryArgs":[],"series":[]},"_links":{"self":[{"href":"https:\/\/www.enteratever.com\/2023\/wp-json\/wp\/v2\/posts\/174156","targetHints":{"allow":["GET"]}}],"collection":[{"href":"https:\/\/www.enteratever.com\/2023\/wp-json\/wp\/v2\/posts"}],"about":[{"href":"https:\/\/www.enteratever.com\/2023\/wp-json\/wp\/v2\/types\/post"}],"author":[{"embeddable":true,"href":"https:\/\/www.enteratever.com\/2023\/wp-json\/wp\/v2\/users\/4"}],"replies":[{"embeddable":true,"href":"https:\/\/www.enteratever.com\/2023\/wp-json\/wp\/v2\/comments?post=174156"}],"version-history":[{"count":0,"href":"https:\/\/www.enteratever.com\/2023\/wp-json\/wp\/v2\/posts\/174156\/revisions"}],"wp:featuredmedia":[{"embeddable":true,"href":"https:\/\/www.enteratever.com\/2023\/wp-json\/wp\/v2\/media\/174157"}],"wp:attachment":[{"href":"https:\/\/www.enteratever.com\/2023\/wp-json\/wp\/v2\/media?parent=174156"}],"wp:term":[{"taxonomy":"category","embeddable":true,"href":"https:\/\/www.enteratever.com\/2023\/wp-json\/wp\/v2\/categories?post=174156"},{"taxonomy":"post_tag","embeddable":true,"href":"https:\/\/www.enteratever.com\/2023\/wp-json\/wp\/v2\/tags?post=174156"}],"curies":[{"name":"wp","href":"https:\/\/api.w.org\/{rel}","templated":true}]}}