{"id":174154,"date":"2021-07-13T22:10:00","date_gmt":"2021-07-13T22:10:00","guid":{"rendered":"https:\/\/www.enteratever.com\/2023\/pese-a-deudos-crit-veracruz-seguira-funcionando-con-normalidad\/"},"modified":"2021-07-13T22:10:00","modified_gmt":"2021-07-13T22:10:00","slug":"pese-a-deudos-crit-veracruz-seguira-funcionando-con-normalidad","status":"publish","type":"post","link":"https:\/\/www.enteratever.com\/2023\/2021\/07\/13\/pese-a-deudos-crit-veracruz-seguira-funcionando-con-normalidad\/","title":{"rendered":"Pese a deudos Crit Veracruz seguir\u00e1 funcionando con normalidad"},"content":{"rendered":"<p>Visitas: 1<\/p>\n<p class=\"wp-block-paragraph\">Pese a que Gobierno del Estado no ha entregado los 23.5 millones de pesos como lo marca el pacto que se hizo con el Centro de Rehabilitaci\u00f3n Infantil Telet\u00f3n (Crit) Veracruz, el director del centro, \u00c1ngel Rene Zavaleta Mora, dijo que esto no estar\u00e1 afectado a la operatividad del lugar, por lo que los padres de familia deben de estar tranquilos.<\/p>\n\n\n\n<p class=\"wp-block-paragraph\">En entrevista, el Titular del Crit coment\u00f3 que en el 2020 Gobierno del Estado solo les entrego dos millones de pesos de los 23.5 millones que les corresponde, esto debido a la crisis por la que atraviesa el Estado, situaci\u00f3n que causo que el centro tuvo que buscar la manera de poder seguir funcionando sin problema alguno.<\/p>\n\n\n\n<p class=\"wp-block-paragraph\">Zavaleta Mora dio a conocer que a ellos como centro les toca recolectar cinco millones de pesos, por lo que a trav\u00e9s de diferentes actividades tiene que buscar la manera de poder recaudar esta cantidad de dinero, destac\u00f3 que en este a\u00f1o se le entregaron 20 millones por lo que quedaron en deuda tres millones, situaci\u00f3n que asegura que no estar\u00e1 generando problema alguno.<\/p>\n\n\n\n<p class=\"wp-block-paragraph\">As\u00ed mismo inform\u00f3 que se ha tenido que realizar recorte de personal, pero esto tampoco estar\u00e1 afectado la forma de trabajar del Crit, ya que debido a la pandemia del covid-19 las citas se est\u00e1n haciendo de manera escalonada y algunos padres para prevenir a sus peque\u00f1os han decidido que hasta que no se normalice estar\u00e1n regresando al centro.<\/p>\n\n\n\n<p class=\"wp-block-paragraph\">Cabe destacar que el Crit Veracruz necesita 28.5 millones de para garantizar su operatividad, es por eso que el centro suele realizar diversas actividades para poder juntar el presupuesto para que funcione en perfectas condiciones, el director se\u00f1al\u00f3 que el centro actualmente atiende a 600 ni\u00f1os y se cuenta con el personal suficiente.<\/p>\n\n\n\n<figure class=\"wp-block-gallery columns-1 wp-block-gallery-1 is-layout-flex wp-block-gallery-is-layout-flex\"><ul class=\"blocks-gallery-grid\"><li class=\"blocks-gallery-item\"><figure><img decoding=\"async\" src=\"https:\/\/www.enteratever.com\/2020\/wp-content\/uploads\/2021\/07\/WhatsApp-Image-2021-07-13-at-15.36.16.jpeg\" alt=\"\" data-id=\"50615\" data-full-url=\"https:\/\/www.enteratever.com\/2020\/wp-content\/uploads\/2021\/07\/WhatsApp-Image-2021-07-13-at-15.36.16.jpeg\" data-link=\"https:\/\/www.enteratever.com\/?attachment_id=50615\" class=\"wp-image-50615\"\/><\/figure><\/li><li class=\"blocks-gallery-item\"><figure><img decoding=\"async\" src=\"https:\/\/www.enteratever.com\/2020\/wp-content\/uploads\/2021\/07\/WhatsApp-Image-2021-07-13-at-15.36.17.jpeg\" alt=\"\" data-id=\"50616\" data-full-url=\"https:\/\/www.enteratever.com\/2020\/wp-content\/uploads\/2021\/07\/WhatsApp-Image-2021-07-13-at-15.36.17.jpeg\" data-link=\"https:\/\/www.enteratever.com\/?attachment_id=50616\" class=\"wp-image-50616\"\/><\/figure><\/li><li class=\"blocks-gallery-item\"><figure><img decoding=\"async\" src=\"https:\/\/www.enteratever.com\/2020\/wp-content\/uploads\/2021\/07\/WhatsApp-Image-2021-07-13-at-15.36.18.jpeg\" alt=\"\" data-id=\"50617\" data-full-url=\"https:\/\/www.enteratever.com\/2020\/wp-content\/uploads\/2021\/07\/WhatsApp-Image-2021-07-13-at-15.36.18.jpeg\" data-link=\"https:\/\/www.enteratever.com\/?attachment_id=50617\" class=\"wp-image-50617\"\/><\/figure><\/li><\/ul><\/figure>\n","protected":false},"excerpt":{"rendered":"<p>Visitas: 1 Pese a que Gobierno del Estado no ha entregado los 23.5 millones de pesos como lo marca el pacto que se hizo con el Centro de Rehabilitaci\u00f3n Infantil Telet\u00f3n (Crit) Veracruz, el director del centro, \u00c1ngel Rene Zavaleta Mora, dijo que esto no estar\u00e1 afectado a la operatividad del lugar, por lo que [&hellip;]<\/p>\n","protected":false},"author":4,"featured_media":174155,"comment_status":"open","ping_status":"open","sticky":false,"template":"","format":"standard","meta":{"footnotes":""},"categories":[213],"tags":[],"class_list":["post-174154","post","type-post","status-publish","format-standard","has-post-thumbnail","category-poza-rica"],"nelio_content":{"isAutoShareEnabled":true,"autoShareEndMode":"never","automationSources":{"useCustomSentences":false,"customSentences":[]},"followers":[],"suggestedReferences":[],"efiUrl":"","efiAlt":"","highlights":[],"permalinkQueryArgs":[],"series":[]},"_links":{"self":[{"href":"https:\/\/www.enteratever.com\/2023\/wp-json\/wp\/v2\/posts\/174154","targetHints":{"allow":["GET"]}}],"collection":[{"href":"https:\/\/www.enteratever.com\/2023\/wp-json\/wp\/v2\/posts"}],"about":[{"href":"https:\/\/www.enteratever.com\/2023\/wp-json\/wp\/v2\/types\/post"}],"author":[{"embeddable":true,"href":"https:\/\/www.enteratever.com\/2023\/wp-json\/wp\/v2\/users\/4"}],"replies":[{"embeddable":true,"href":"https:\/\/www.enteratever.com\/2023\/wp-json\/wp\/v2\/comments?post=174154"}],"version-history":[{"count":0,"href":"https:\/\/www.enteratever.com\/2023\/wp-json\/wp\/v2\/posts\/174154\/revisions"}],"wp:featuredmedia":[{"embeddable":true,"href":"https:\/\/www.enteratever.com\/2023\/wp-json\/wp\/v2\/media\/174155"}],"wp:attachment":[{"href":"https:\/\/www.enteratever.com\/2023\/wp-json\/wp\/v2\/media?parent=174154"}],"wp:term":[{"taxonomy":"category","embeddable":true,"href":"https:\/\/www.enteratever.com\/2023\/wp-json\/wp\/v2\/categories?post=174154"},{"taxonomy":"post_tag","embeddable":true,"href":"https:\/\/www.enteratever.com\/2023\/wp-json\/wp\/v2\/tags?post=174154"}],"curies":[{"name":"wp","href":"https:\/\/api.w.org\/{rel}","templated":true}]}}