{"id":174150,"date":"2021-07-12T20:10:02","date_gmt":"2021-07-12T20:10:02","guid":{"rendered":"https:\/\/www.enteratever.com\/2023\/instalan-modulo-para-registrar-a-personas-para-programas-sociales\/"},"modified":"2021-07-12T20:10:02","modified_gmt":"2021-07-12T20:10:02","slug":"instalan-modulo-para-registrar-a-personas-para-programas-sociales","status":"publish","type":"post","link":"https:\/\/www.enteratever.com\/2023\/2021\/07\/12\/instalan-modulo-para-registrar-a-personas-para-programas-sociales\/","title":{"rendered":"Instalan m\u00f3dulo para registrar a personas para programas sociales"},"content":{"rendered":"<p>Visitas: 0<\/p>\n<p class=\"wp-block-paragraph\">Instalan m\u00f3dulo de atenci\u00f3n ciudadana para brindar informaci\u00f3n sobre el ingreso a los programas de pensiones de adultos mayores, esto debido a que exist\u00edan rumores de que hoy era el \u00faltimo d\u00eda para inscribirse, lo que gener\u00f3 que las oficinas de bienestar se generar\u00e1n largas filas, por lo que solicitaron al ayuntamiento que les prestar\u00e1n la Plaza C\u00edvica 18 de Marzo.<\/p>\n\n\n\n<p class=\"wp-block-paragraph\">De acuerdo con Emilio Olvera Andrade, Delegado Regional de Programas Sociales del Bienestar inform\u00f3 que esto es falso, el programa estar\u00e1 abierto los 365 d\u00edas del a\u00f1o y hasta el \u00faltimo a\u00f1o del sexenio de Andr\u00e9s Manuel L\u00f3pez Obrador, por lo que las personas que quieran ingresar deber\u00e1n acudir a la Plaza C\u00edvica para que se les pueda ingresar al programa.<\/p>\n\n\n\n<p class=\"wp-block-paragraph\">Los interesados deber\u00e1n de acudir con alg\u00fan familiar los cuales tendr\u00e1n que llevar INE, acta, Curp actualizado, un comprobante de domicilio (actual) y dos testigos con copia de INE, este m\u00f3dulo estar\u00e1 atendiendo a las personas de 8:00 a 15:00 horas, por lo que las personas podr\u00e1n acudir para que se les registre.<\/p>\n\n\n\n<p class=\"wp-block-paragraph\">El delegado de programas sociales coment\u00f3 que en las oficinas tambi\u00e9n estar\u00e1n atendiendo, pero debido a que en redes sociales se hab\u00eda dado informaci\u00f3n falsa las oficinas se aglomer\u00f3 la poblaci\u00f3n y para evitar esto decidieron pedir del apoyo de las autoridades municipales para evitar poner en riesgo a las personas adultas, a sus acompa\u00f1antes y a los mismos servidores de la naci\u00f3n.<\/p>\n\n\n\n<p class=\"wp-block-paragraph\">Cabe destacar que fue durante este a\u00f1o, cuando el presidente de la Rep\u00fablica Mexicana dio a conocer que en el programa de pensiones para los adultos mayores tambi\u00e9n estar\u00edan ingresando las personas de 65 a\u00f1os, por lo que el registro comenz\u00f3 hace un par de semanas atr\u00e1s, cuando concluyeron las elecciones electorales.<\/p>\n\n\n\n<figure class=\"wp-block-gallery columns-1 wp-block-gallery-1 is-layout-flex wp-block-gallery-is-layout-flex\"><ul class=\"blocks-gallery-grid\"><li class=\"blocks-gallery-item\"><figure><img decoding=\"async\" src=\"https:\/\/www.enteratever.com\/2020\/wp-content\/uploads\/2021\/07\/WhatsApp-Image-2021-07-12-at-13.12.16.jpeg\" alt=\"\" data-id=\"50542\" data-full-url=\"https:\/\/www.enteratever.com\/2020\/wp-content\/uploads\/2021\/07\/WhatsApp-Image-2021-07-12-at-13.12.16.jpeg\" data-link=\"https:\/\/www.enteratever.com\/?attachment_id=50542\" class=\"wp-image-50542\"\/><\/figure><\/li><li class=\"blocks-gallery-item\"><figure><img decoding=\"async\" src=\"https:\/\/www.enteratever.com\/2020\/wp-content\/uploads\/2021\/07\/WhatsApp-Image-2021-07-12-at-13.12.18.jpeg\" alt=\"\" data-id=\"50543\" data-full-url=\"https:\/\/www.enteratever.com\/2020\/wp-content\/uploads\/2021\/07\/WhatsApp-Image-2021-07-12-at-13.12.18.jpeg\" data-link=\"https:\/\/www.enteratever.com\/?attachment_id=50543\" class=\"wp-image-50543\"\/><\/figure><\/li><li class=\"blocks-gallery-item\"><figure><img decoding=\"async\" src=\"https:\/\/www.enteratever.com\/2020\/wp-content\/uploads\/2021\/07\/WhatsApp-Image-2021-07-12-at-13.12.19.jpeg\" alt=\"\" data-id=\"50544\" data-full-url=\"https:\/\/www.enteratever.com\/2020\/wp-content\/uploads\/2021\/07\/WhatsApp-Image-2021-07-12-at-13.12.19.jpeg\" data-link=\"https:\/\/www.enteratever.com\/?attachment_id=50544\" class=\"wp-image-50544\"\/><\/figure><\/li><\/ul><\/figure>\n","protected":false},"excerpt":{"rendered":"<p>Visitas: 0 Instalan m\u00f3dulo de atenci\u00f3n ciudadana para brindar informaci\u00f3n sobre el ingreso a los programas de pensiones de adultos mayores, esto debido a que exist\u00edan rumores de que hoy era el \u00faltimo d\u00eda para inscribirse, lo que gener\u00f3 que las oficinas de bienestar se generar\u00e1n largas filas, por lo que solicitaron al ayuntamiento que [&hellip;]<\/p>\n","protected":false},"author":4,"featured_media":174151,"comment_status":"open","ping_status":"open","sticky":false,"template":"","format":"standard","meta":{"footnotes":""},"categories":[213],"tags":[],"class_list":["post-174150","post","type-post","status-publish","format-standard","has-post-thumbnail","category-poza-rica"],"nelio_content":{"isAutoShareEnabled":true,"autoShareEndMode":"never","automationSources":{"useCustomSentences":false,"customSentences":[]},"followers":[],"suggestedReferences":[],"efiUrl":"","efiAlt":"","highlights":[],"permalinkQueryArgs":[],"series":[]},"_links":{"self":[{"href":"https:\/\/www.enteratever.com\/2023\/wp-json\/wp\/v2\/posts\/174150","targetHints":{"allow":["GET"]}}],"collection":[{"href":"https:\/\/www.enteratever.com\/2023\/wp-json\/wp\/v2\/posts"}],"about":[{"href":"https:\/\/www.enteratever.com\/2023\/wp-json\/wp\/v2\/types\/post"}],"author":[{"embeddable":true,"href":"https:\/\/www.enteratever.com\/2023\/wp-json\/wp\/v2\/users\/4"}],"replies":[{"embeddable":true,"href":"https:\/\/www.enteratever.com\/2023\/wp-json\/wp\/v2\/comments?post=174150"}],"version-history":[{"count":0,"href":"https:\/\/www.enteratever.com\/2023\/wp-json\/wp\/v2\/posts\/174150\/revisions"}],"wp:featuredmedia":[{"embeddable":true,"href":"https:\/\/www.enteratever.com\/2023\/wp-json\/wp\/v2\/media\/174151"}],"wp:attachment":[{"href":"https:\/\/www.enteratever.com\/2023\/wp-json\/wp\/v2\/media?parent=174150"}],"wp:term":[{"taxonomy":"category","embeddable":true,"href":"https:\/\/www.enteratever.com\/2023\/wp-json\/wp\/v2\/categories?post=174150"},{"taxonomy":"post_tag","embeddable":true,"href":"https:\/\/www.enteratever.com\/2023\/wp-json\/wp\/v2\/tags?post=174150"}],"curies":[{"name":"wp","href":"https:\/\/api.w.org\/{rel}","templated":true}]}}