{"id":174146,"date":"2021-07-12T19:49:27","date_gmt":"2021-07-12T19:49:27","guid":{"rendered":"https:\/\/www.enteratever.com\/2023\/ya-no-quieren-mas-crematorios-en-villa-de-las-flores\/"},"modified":"2021-07-12T19:49:27","modified_gmt":"2021-07-12T19:49:27","slug":"ya-no-quieren-mas-crematorios-en-villa-de-las-flores","status":"publish","type":"post","link":"https:\/\/www.enteratever.com\/2023\/2021\/07\/12\/ya-no-quieren-mas-crematorios-en-villa-de-las-flores\/","title":{"rendered":"Ya no quieren m\u00e1s crematorios en Villa de las Flores"},"content":{"rendered":"<p>Visitas: 0<\/p>\n<p class=\"wp-block-paragraph\">Vecinos de la colonia Villa de las Flores, se manifestaron en la explanada del ayuntamiento de Poza Rica, debido a que en la colonia Villa de las Flores quieren colocar un velatorio\/crematorio que quieren poner a menos de 300 maestros de distancia, situaci\u00f3n por la cual vecinos de encuentran inconformes.<\/p>\n\n\n\n<p class=\"wp-block-paragraph\">De acuerdo con el se\u00f1or David Adri\u00e1n Hern\u00e1ndez Pati\u00f1o, vecino afectado dijo est\u00e1n en contra en primer lugar por qu\u00e9 esto lo \u00fanico que est\u00e1 generando es contaminaci\u00f3n al medio ambiente y en segunda temen por la salud de sus familias, por lo que acudieron a hablar con el director de Ecolog\u00eda y Medio Ambiente para darle a conocer la situaci\u00f3n pero recibieron una respuesta negativa por parte del funcionario.<\/p>\n\n\n\n<p class=\"wp-block-paragraph\">Los afectados se\u00f1alaron que el director le coment\u00f3 que ellos no tienen respuesta de Xalapa y el ayuntamiento no cuenta con alg\u00fan permiso para que se colocar\u00e1 este tercer negocio, destac\u00f3 que ellos enviaron un documento a las autoridades de medio ambiente en la capital del estado pero hasta el momento no han tenido respuesta alguna, por lo que no entienden por qu\u00e9 ya en redes sociales el negocio se est\u00e1 promocionando.<\/p>\n\n\n\n<p class=\"wp-block-paragraph\">Hern\u00e1ndez Pati\u00f1o mencion\u00f3 que de no tener una respuesta por parte de las autoridades municipales se ver\u00e1n en la necesidad de tomar la carretera hacia el municipio de Cazones, para hacer presi\u00f3n y que las autoridades atiendan a su llamado, por qu\u00e9 est\u00e1n preocupados por el da\u00f1o que les puede generar a sus familias, pues el cuerpo suelta diversas toxinas y que se quedan en el aire y no saben de que falleci\u00f3.<\/p>\n\n\n\n<p class=\"wp-block-paragraph\">Destacaron que desde hace m\u00e1s de 10 a\u00f1os viene viviendo est\u00e1 situaci\u00f3n, en la colonia son m\u00e1s de 800 las personas que se ven afectadas, por lo que esperan que las autoridades atiendan a su llamado para evitar que se tomen acciones m\u00e1s dr\u00e1sticas, pues ellos han tratado de hacer todo de manera pacifica, pero a las autoridades no les ha importado.<\/p>\n\n\n\n<figure class=\"wp-block-gallery columns-1 wp-block-gallery-1 is-layout-flex wp-block-gallery-is-layout-flex\"><ul class=\"blocks-gallery-grid\"><li class=\"blocks-gallery-item\"><figure><img decoding=\"async\" src=\"https:\/\/www.enteratever.com\/2020\/wp-content\/uploads\/2021\/07\/WhatsApp-Image-2021-07-12-at-13.10.53.jpeg\" alt=\"\" data-id=\"50530\" data-full-url=\"https:\/\/www.enteratever.com\/2020\/wp-content\/uploads\/2021\/07\/WhatsApp-Image-2021-07-12-at-13.10.53.jpeg\" data-link=\"https:\/\/www.enteratever.com\/?attachment_id=50530\" class=\"wp-image-50530\"\/><\/figure><\/li><li class=\"blocks-gallery-item\"><figure><img decoding=\"async\" src=\"https:\/\/www.enteratever.com\/2020\/wp-content\/uploads\/2021\/07\/WhatsApp-Image-2021-07-12-at-13.10.60.jpeg\" alt=\"\" data-id=\"50531\" data-full-url=\"https:\/\/www.enteratever.com\/2020\/wp-content\/uploads\/2021\/07\/WhatsApp-Image-2021-07-12-at-13.10.60.jpeg\" data-link=\"https:\/\/www.enteratever.com\/?attachment_id=50531\" class=\"wp-image-50531\"\/><\/figure><\/li><li class=\"blocks-gallery-item\"><figure><img decoding=\"async\" src=\"https:\/\/www.enteratever.com\/2020\/wp-content\/uploads\/2021\/07\/WhatsApp-Image-2021-07-12-at-13.11.03.jpeg\" alt=\"\" data-id=\"50532\" data-full-url=\"https:\/\/www.enteratever.com\/2020\/wp-content\/uploads\/2021\/07\/WhatsApp-Image-2021-07-12-at-13.11.03.jpeg\" data-link=\"https:\/\/www.enteratever.com\/?attachment_id=50532\" class=\"wp-image-50532\"\/><\/figure><\/li><li class=\"blocks-gallery-item\"><figure><img decoding=\"async\" src=\"https:\/\/www.enteratever.com\/2020\/wp-content\/uploads\/2021\/07\/WhatsApp-Image-2021-07-12-at-13.11.04.jpeg\" alt=\"\" data-id=\"50533\" data-full-url=\"https:\/\/www.enteratever.com\/2020\/wp-content\/uploads\/2021\/07\/WhatsApp-Image-2021-07-12-at-13.11.04.jpeg\" data-link=\"https:\/\/www.enteratever.com\/?attachment_id=50533\" class=\"wp-image-50533\"\/><\/figure><\/li><li class=\"blocks-gallery-item\"><figure><img decoding=\"async\" src=\"https:\/\/www.enteratever.com\/2020\/wp-content\/uploads\/2021\/07\/WhatsApp-Image-2021-07-12-at-13.11.12.jpeg\" alt=\"\" data-id=\"50534\" data-full-url=\"https:\/\/www.enteratever.com\/2020\/wp-content\/uploads\/2021\/07\/WhatsApp-Image-2021-07-12-at-13.11.12.jpeg\" data-link=\"https:\/\/www.enteratever.com\/?attachment_id=50534\" class=\"wp-image-50534\"\/><\/figure><\/li><\/ul><\/figure>\n","protected":false},"excerpt":{"rendered":"<p>Visitas: 0 Vecinos de la colonia Villa de las Flores, se manifestaron en la explanada del ayuntamiento de Poza Rica, debido a que en la colonia Villa de las Flores quieren colocar un velatorio\/crematorio que quieren poner a menos de 300 maestros de distancia, situaci\u00f3n por la cual vecinos de encuentran inconformes. De acuerdo con [&hellip;]<\/p>\n","protected":false},"author":4,"featured_media":174147,"comment_status":"open","ping_status":"open","sticky":false,"template":"","format":"standard","meta":{"footnotes":""},"categories":[213],"tags":[],"class_list":["post-174146","post","type-post","status-publish","format-standard","has-post-thumbnail","category-poza-rica"],"nelio_content":{"isAutoShareEnabled":true,"autoShareEndMode":"never","automationSources":{"useCustomSentences":false,"customSentences":[]},"followers":[],"suggestedReferences":[],"efiUrl":"","efiAlt":"","highlights":[],"permalinkQueryArgs":[],"series":[]},"_links":{"self":[{"href":"https:\/\/www.enteratever.com\/2023\/wp-json\/wp\/v2\/posts\/174146","targetHints":{"allow":["GET"]}}],"collection":[{"href":"https:\/\/www.enteratever.com\/2023\/wp-json\/wp\/v2\/posts"}],"about":[{"href":"https:\/\/www.enteratever.com\/2023\/wp-json\/wp\/v2\/types\/post"}],"author":[{"embeddable":true,"href":"https:\/\/www.enteratever.com\/2023\/wp-json\/wp\/v2\/users\/4"}],"replies":[{"embeddable":true,"href":"https:\/\/www.enteratever.com\/2023\/wp-json\/wp\/v2\/comments?post=174146"}],"version-history":[{"count":0,"href":"https:\/\/www.enteratever.com\/2023\/wp-json\/wp\/v2\/posts\/174146\/revisions"}],"wp:featuredmedia":[{"embeddable":true,"href":"https:\/\/www.enteratever.com\/2023\/wp-json\/wp\/v2\/media\/174147"}],"wp:attachment":[{"href":"https:\/\/www.enteratever.com\/2023\/wp-json\/wp\/v2\/media?parent=174146"}],"wp:term":[{"taxonomy":"category","embeddable":true,"href":"https:\/\/www.enteratever.com\/2023\/wp-json\/wp\/v2\/categories?post=174146"},{"taxonomy":"post_tag","embeddable":true,"href":"https:\/\/www.enteratever.com\/2023\/wp-json\/wp\/v2\/tags?post=174146"}],"curies":[{"name":"wp","href":"https:\/\/api.w.org\/{rel}","templated":true}]}}