{"id":174144,"date":"2021-07-12T02:44:30","date_gmt":"2021-07-12T02:44:30","guid":{"rendered":"https:\/\/www.enteratever.com\/2023\/mas-33-mil-personas-fueron-vacunadas-en-poza-rica\/"},"modified":"2021-07-12T02:44:30","modified_gmt":"2021-07-12T02:44:30","slug":"mas-33-mil-personas-fueron-vacunadas-en-poza-rica","status":"publish","type":"post","link":"https:\/\/www.enteratever.com\/2023\/2021\/07\/12\/mas-33-mil-personas-fueron-vacunadas-en-poza-rica\/","title":{"rendered":"Mas 33 mil personas fueron vacunadas en Poza Rica"},"content":{"rendered":"<p>Visitas: 0<\/p>\n<p class=\"wp-block-paragraph\">33 mil 80 dosis fueron las personas de los municipios de Poza Rica, Coatzintla y Tihuatl\u00e1n, las que fueron vacunadas durante la jornada de vacunaci\u00f3n de 40 a 49 a\u00f1os de edad, por lo que representa un gran avance en este proceso, as\u00ed lo dio a conocer Emilio Olvera Andrade, Delegado Regional de Programas Sociales del Bienestar.<\/p>\n\n\n\n<p class=\"wp-block-paragraph\">En entrevista manifest\u00f3 que por instrucciones del gobernador del estado se est\u00e1 buscando que las jornadas de vacunaci\u00f3n sean m\u00e1s r\u00e1pidas, por lo que al d\u00eda se estaban vacunando a un promedio de ocho mil personas, los cuales proven\u00edan de los tres municipios.<\/p>\n\n\n\n<p class=\"wp-block-paragraph\">Agradeci\u00f3 al personal m\u00e9dico que siempre ha estado al pie del ca\u00f1\u00f3n, al igual a los j\u00f3venes de la Universidad Veracruzana, los cuales tambi\u00e9n ha sido de gran apoyo, a cada uno de los servidores de la naci\u00f3n que tambi\u00e9n han sido parte importante para la jornada de vacunaci\u00f3n.<\/p>\n\n\n\n<p class=\"wp-block-paragraph\">Dijo que a pesar de que hay personas que por ser servidores p\u00fablicos piensan que se les va a dar un trato diferente, se\u00f1al\u00f3 que en este gobierno las cosas no son as\u00ed y deber\u00e1n de seguir las instrucciones que se les d\u00e9 y no estar\u00e1n haciendo influyent\u00edsimos.<\/p>\n\n\n\n<p class=\"wp-block-paragraph\">Hasta el momento no se ha dado a conocer cuando se iniciar\u00e1 la vacunaci\u00f3n a personas de 30-39 a\u00f1os, sin embargo, por lo que deber\u00e1n de estar atentos a los comunicados que estar\u00e1n lanzando para este sector de la poblaci\u00f3n, al igual coment\u00f3 que en esta semana se dio a conocer el registro para los mayores de 18 a\u00f1os.<\/p>\n\n\n\n<figure class=\"wp-block-gallery columns-1 wp-block-gallery-1 is-layout-flex wp-block-gallery-is-layout-flex\"><ul class=\"blocks-gallery-grid\"><li class=\"blocks-gallery-item\"><figure><img decoding=\"async\" src=\"https:\/\/www.enteratever.com\/2020\/wp-content\/uploads\/2021\/07\/WhatsApp-Image-2021-07-11-at-19.52.08.jpeg\" alt=\"\" data-id=\"50435\" data-full-url=\"https:\/\/www.enteratever.com\/2020\/wp-content\/uploads\/2021\/07\/WhatsApp-Image-2021-07-11-at-19.52.08.jpeg\" data-link=\"https:\/\/www.enteratever.com\/?attachment_id=50435\" class=\"wp-image-50435\"\/><\/figure><\/li><li class=\"blocks-gallery-item\"><figure><img decoding=\"async\" src=\"https:\/\/www.enteratever.com\/2020\/wp-content\/uploads\/2021\/07\/WhatsApp-Image-2021-07-11-at-19.52.07.jpeg\" alt=\"\" data-id=\"50434\" data-full-url=\"https:\/\/www.enteratever.com\/2020\/wp-content\/uploads\/2021\/07\/WhatsApp-Image-2021-07-11-at-19.52.07.jpeg\" data-link=\"https:\/\/www.enteratever.com\/?attachment_id=50434\" class=\"wp-image-50434\"\/><\/figure><\/li><li class=\"blocks-gallery-item\"><figure><img decoding=\"async\" src=\"https:\/\/www.enteratever.com\/2020\/wp-content\/uploads\/2021\/07\/WhatsApp-Image-2021-07-11-at-19.52.06.jpeg\" alt=\"\" data-id=\"50433\" data-full-url=\"https:\/\/www.enteratever.com\/2020\/wp-content\/uploads\/2021\/07\/WhatsApp-Image-2021-07-11-at-19.52.06.jpeg\" data-link=\"https:\/\/www.enteratever.com\/?attachment_id=50433\" class=\"wp-image-50433\"\/><\/figure><\/li><li class=\"blocks-gallery-item\"><figure><img decoding=\"async\" src=\"https:\/\/www.enteratever.com\/2020\/wp-content\/uploads\/2021\/07\/WhatsApp-Image-2021-07-11-at-19.52.05.jpeg\" alt=\"\" data-id=\"50432\" data-full-url=\"https:\/\/www.enteratever.com\/2020\/wp-content\/uploads\/2021\/07\/WhatsApp-Image-2021-07-11-at-19.52.05.jpeg\" data-link=\"https:\/\/www.enteratever.com\/?attachment_id=50432\" class=\"wp-image-50432\"\/><\/figure><\/li><\/ul><\/figure>\n","protected":false},"excerpt":{"rendered":"<p>Visitas: 0 33 mil 80 dosis fueron las personas de los municipios de Poza Rica, Coatzintla y Tihuatl\u00e1n, las que fueron vacunadas durante la jornada de vacunaci\u00f3n de 40 a 49 a\u00f1os de edad, por lo que representa un gran avance en este proceso, as\u00ed lo dio a conocer Emilio Olvera Andrade, Delegado Regional de [&hellip;]<\/p>\n","protected":false},"author":4,"featured_media":174145,"comment_status":"open","ping_status":"open","sticky":false,"template":"","format":"standard","meta":{"footnotes":""},"categories":[213],"tags":[],"class_list":["post-174144","post","type-post","status-publish","format-standard","has-post-thumbnail","category-poza-rica"],"nelio_content":{"isAutoShareEnabled":true,"autoShareEndMode":"never","automationSources":{"useCustomSentences":false,"customSentences":[]},"followers":[],"suggestedReferences":[],"efiUrl":"","efiAlt":"","highlights":[],"permalinkQueryArgs":[],"series":[]},"_links":{"self":[{"href":"https:\/\/www.enteratever.com\/2023\/wp-json\/wp\/v2\/posts\/174144","targetHints":{"allow":["GET"]}}],"collection":[{"href":"https:\/\/www.enteratever.com\/2023\/wp-json\/wp\/v2\/posts"}],"about":[{"href":"https:\/\/www.enteratever.com\/2023\/wp-json\/wp\/v2\/types\/post"}],"author":[{"embeddable":true,"href":"https:\/\/www.enteratever.com\/2023\/wp-json\/wp\/v2\/users\/4"}],"replies":[{"embeddable":true,"href":"https:\/\/www.enteratever.com\/2023\/wp-json\/wp\/v2\/comments?post=174144"}],"version-history":[{"count":0,"href":"https:\/\/www.enteratever.com\/2023\/wp-json\/wp\/v2\/posts\/174144\/revisions"}],"wp:featuredmedia":[{"embeddable":true,"href":"https:\/\/www.enteratever.com\/2023\/wp-json\/wp\/v2\/media\/174145"}],"wp:attachment":[{"href":"https:\/\/www.enteratever.com\/2023\/wp-json\/wp\/v2\/media?parent=174144"}],"wp:term":[{"taxonomy":"category","embeddable":true,"href":"https:\/\/www.enteratever.com\/2023\/wp-json\/wp\/v2\/categories?post=174144"},{"taxonomy":"post_tag","embeddable":true,"href":"https:\/\/www.enteratever.com\/2023\/wp-json\/wp\/v2\/tags?post=174144"}],"curies":[{"name":"wp","href":"https:\/\/api.w.org\/{rel}","templated":true}]}}