{"id":174140,"date":"2021-07-12T02:32:29","date_gmt":"2021-07-12T02:32:29","guid":{"rendered":"https:\/\/www.enteratever.com\/2023\/necesario-que-se-le-de-mantenimiento-a-las-carreteras-de-la-region\/"},"modified":"2021-07-12T02:32:29","modified_gmt":"2021-07-12T02:32:29","slug":"necesario-que-se-le-de-mantenimiento-a-las-carreteras-de-la-region","status":"publish","type":"post","link":"https:\/\/www.enteratever.com\/2023\/2021\/07\/12\/necesario-que-se-le-de-mantenimiento-a-las-carreteras-de-la-region\/","title":{"rendered":"Necesario que se le de mantenimiento a las carreteras de la regi\u00f3n"},"content":{"rendered":"<p>Visitas: 0<\/p>\n<p class=\"wp-block-paragraph\">Ante las declaraciones por parte del gobernador del estado, Cuitl\u00e1huac Garc\u00eda Jim\u00e9nez de que se estar\u00eda ampliando la carretera 180 que va de Poza Rica a Veracruz, el presidente de la C\u00e1mara Nacional del Comercio (Canaco), Francisco Javier L\u00f3pez G\u00f3mez, dijo que es necesario darle el mantenimiento necesario ya que debido a esto han incrementado el n\u00famero de accidentes.<\/p>\n\n\n\n<p class=\"wp-block-paragraph\">Coment\u00f3 que el tramo carretero que viene de Venustiano Carranza a Poza Rica, esta en muy malas condiciones, el cual ha generado varios accidentes automovil\u00edsticos, por lo que es necesario que se arreglen, ya que fue el mismo gobernado quien se\u00f1al\u00f3 que la gente prefer\u00eda no venir a la ciudad ya que las condiciones de las carreteras eran p\u00e9simas.<\/p>\n\n\n\n<p class=\"wp-block-paragraph\">Pidi\u00f3 al gobernador que no se espere hasta el 2023, a\u00f1o en el que se supone que quedar\u00e1 concluida dicha ampliaci\u00f3n, para darle el mantenimiento, porque para ese a\u00f1o no se sabe cuantos accidentes se haya registrado, destac\u00f3 que una cosa es que se ampli\u00e9 y otra cosa es que se les de el mantenimiento, por lo que el sector empresarial requiere contar con carreteras en buen estado para que de esta forma turistas acudan a la regi\u00f3n.<\/p>\n\n\n\n<p class=\"wp-block-paragraph\">Se\u00f1al\u00f3 que han buscado contar con el apoyo para tener mejores carreteras, dijo que han tratado de tener un acercamiento con el senador, Ricardo Monreal \u00c1vila, para que puedan tener una reuni\u00f3n con la Secretar\u00eda de Comunicaciones y Transportes (SCT), al igual han enviado un oficio a Enrique Jes\u00fas Nach\u00f3n Garc\u00eda, Secretario de Desarrollo Econ\u00f3mico y Portuario del Estado, ya que esto tambi\u00e9n ha afectado a la econom\u00eda de la regi\u00f3n.<\/p>\n\n\n\n<p class=\"wp-block-paragraph\">Lament\u00f3 que no ha tenido una respuesta por parte de la SCT, por lo que existe un desinter\u00e9s por parte los funcionarios, esta situaci\u00f3n no solo afecta al sector tur\u00edstico, tambi\u00e9n a todas peque\u00f1as empresas que tienen que trasladarse por estas v\u00edas de comunicaci\u00f3n, es por eso que hacen un llamado a las autoridades estatales para que atiendan esta situaci\u00f3n.<\/p>\n","protected":false},"excerpt":{"rendered":"<p>Visitas: 0 Ante las declaraciones por parte del gobernador del estado, Cuitl\u00e1huac Garc\u00eda Jim\u00e9nez de que se estar\u00eda ampliando la carretera 180 que va de Poza Rica a Veracruz, el presidente de la C\u00e1mara Nacional del Comercio (Canaco), Francisco Javier L\u00f3pez G\u00f3mez, dijo que es necesario darle el mantenimiento necesario ya que debido a esto [&hellip;]<\/p>\n","protected":false},"author":4,"featured_media":174141,"comment_status":"open","ping_status":"open","sticky":false,"template":"","format":"standard","meta":{"footnotes":""},"categories":[213],"tags":[],"class_list":["post-174140","post","type-post","status-publish","format-standard","has-post-thumbnail","category-poza-rica"],"nelio_content":{"isAutoShareEnabled":true,"autoShareEndMode":"never","automationSources":{"useCustomSentences":false,"customSentences":[]},"followers":[],"suggestedReferences":[],"efiUrl":"","efiAlt":"","highlights":[],"permalinkQueryArgs":[],"series":[]},"_links":{"self":[{"href":"https:\/\/www.enteratever.com\/2023\/wp-json\/wp\/v2\/posts\/174140","targetHints":{"allow":["GET"]}}],"collection":[{"href":"https:\/\/www.enteratever.com\/2023\/wp-json\/wp\/v2\/posts"}],"about":[{"href":"https:\/\/www.enteratever.com\/2023\/wp-json\/wp\/v2\/types\/post"}],"author":[{"embeddable":true,"href":"https:\/\/www.enteratever.com\/2023\/wp-json\/wp\/v2\/users\/4"}],"replies":[{"embeddable":true,"href":"https:\/\/www.enteratever.com\/2023\/wp-json\/wp\/v2\/comments?post=174140"}],"version-history":[{"count":0,"href":"https:\/\/www.enteratever.com\/2023\/wp-json\/wp\/v2\/posts\/174140\/revisions"}],"wp:featuredmedia":[{"embeddable":true,"href":"https:\/\/www.enteratever.com\/2023\/wp-json\/wp\/v2\/media\/174141"}],"wp:attachment":[{"href":"https:\/\/www.enteratever.com\/2023\/wp-json\/wp\/v2\/media?parent=174140"}],"wp:term":[{"taxonomy":"category","embeddable":true,"href":"https:\/\/www.enteratever.com\/2023\/wp-json\/wp\/v2\/categories?post=174140"},{"taxonomy":"post_tag","embeddable":true,"href":"https:\/\/www.enteratever.com\/2023\/wp-json\/wp\/v2\/tags?post=174140"}],"curies":[{"name":"wp","href":"https:\/\/api.w.org\/{rel}","templated":true}]}}