{"id":174136,"date":"2021-07-09T22:27:19","date_gmt":"2021-07-09T22:27:19","guid":{"rendered":"https:\/\/www.enteratever.com\/2023\/tec-de-poza-rica-busca-contar-con-espacios-seguros-ante-regreso-a-clases\/"},"modified":"2021-07-09T22:27:19","modified_gmt":"2021-07-09T22:27:19","slug":"tec-de-poza-rica-busca-contar-con-espacios-seguros-ante-regreso-a-clases","status":"publish","type":"post","link":"https:\/\/www.enteratever.com\/2023\/2021\/07\/09\/tec-de-poza-rica-busca-contar-con-espacios-seguros-ante-regreso-a-clases\/","title":{"rendered":"Tec de Poza Rica busca contar con espacios seguros ante regreso a clases"},"content":{"rendered":"<p>Visitas: 0<\/p>\n<p class=\"wp-block-paragraph\">A fin de poder garantizar la seguridad de los j\u00f3venes durante el pr\u00f3ximo ciclo escolar el Instituto Tecnol\u00f3gico Superior de Poza Rica (ITSPR) est\u00e1 buscando una estrategia para que los j\u00f3venes puedan regresar a clases presenciales, por lo que junto a especialistas del Hospital Regional de Poza Rica lo viene realizando.<\/p>\n\n\n\n<p class=\"wp-block-paragraph\">Por instrucciones de Jes\u00fas Huerta Chua, director del Tec de Poza Rica se iniciaron dichos trabajos, por lo que se cuenta con la participaci\u00f3n de Juli\u00e1n R\u00edos Blas, T\u00e9cnico en Urgencias M\u00e9dicas y Coordinador Operativo de \u00c1reas para Covid-19 en el Hospital Regional de Poza Rica, quienes estuvieron realizando un recorrido por las instalaciones para analizar la implementaci\u00f3n de estrategias espec\u00edficas de prevenci\u00f3n de forma oportuna.<\/p>\n\n\n\n<p class=\"wp-block-paragraph\">Est\u00e1s acciones se hacen que para en caso de que los j\u00f3venes puedan regresar a clases presenciales no corran ning\u00fan tipo de riesgo a contraer dicha enfermedad, y en caso de que exista alguna persona con alg\u00fan s\u00edntoma se pueda actuar de acuerdo a los protocolos sanitarios.<\/p>\n\n\n\n<p class=\"wp-block-paragraph\">La implementaci\u00f3n de dichos trabajos es por instrucciones de por el Tecnol\u00f3gico Nacional de M\u00e9xico, al inicio de la pandemia, y el seguimiento a casos sospechosos y confirmados de COVID-19 de la comunidad estudiantil y docente, con el objetivo de brindarles orientaci\u00f3n y apoyo<\/p>\n\n\n\n<p class=\"wp-block-paragraph\">En base a los resultados del an\u00e1lisis que se encuentran realizando, posteriormente se elaborar\u00e1 un protocolo inclusivo, para el regreso seguro a clases ante la enfermedad de COVID-19, como parte de las acciones de la Comisi\u00f3n de Salud de esta instituci\u00f3n para que los j\u00f3venes puedan regresar a clases presenciales en pr\u00f3ximo ciclo escolar.<\/p>\n\n\n\n<figure class=\"wp-block-gallery columns-1 wp-block-gallery-1 is-layout-flex wp-block-gallery-is-layout-flex\"><ul class=\"blocks-gallery-grid\"><li class=\"blocks-gallery-item\"><figure><img decoding=\"async\" src=\"https:\/\/www.enteratever.com\/2020\/wp-content\/uploads\/2021\/07\/WhatsApp-Image-2021-07-09-at-15.53.16.jpeg\" alt=\"\" data-id=\"50382\" data-full-url=\"https:\/\/www.enteratever.com\/2020\/wp-content\/uploads\/2021\/07\/WhatsApp-Image-2021-07-09-at-15.53.16.jpeg\" data-link=\"https:\/\/www.enteratever.com\/?attachment_id=50382\" class=\"wp-image-50382\"\/><\/figure><\/li><li class=\"blocks-gallery-item\"><figure><img decoding=\"async\" src=\"https:\/\/www.enteratever.com\/2020\/wp-content\/uploads\/2021\/07\/WhatsApp-Image-2021-07-09-at-15.53.15.jpeg\" alt=\"\" data-id=\"50383\" data-full-url=\"https:\/\/www.enteratever.com\/2020\/wp-content\/uploads\/2021\/07\/WhatsApp-Image-2021-07-09-at-15.53.15.jpeg\" data-link=\"https:\/\/www.enteratever.com\/?attachment_id=50383\" class=\"wp-image-50383\"\/><\/figure><\/li><li class=\"blocks-gallery-item\"><figure><img decoding=\"async\" src=\"https:\/\/www.enteratever.com\/2020\/wp-content\/uploads\/2021\/07\/WhatsApp-Image-2021-07-09-at-15.53.14.jpeg\" alt=\"\" data-id=\"50384\" data-full-url=\"https:\/\/www.enteratever.com\/2020\/wp-content\/uploads\/2021\/07\/WhatsApp-Image-2021-07-09-at-15.53.14.jpeg\" data-link=\"https:\/\/www.enteratever.com\/?attachment_id=50384\" class=\"wp-image-50384\"\/><\/figure><\/li><li class=\"blocks-gallery-item\"><figure><img decoding=\"async\" src=\"https:\/\/www.enteratever.com\/2020\/wp-content\/uploads\/2021\/07\/WhatsApp-Image-2021-07-09-at-15.53.12.jpeg\" alt=\"\" data-id=\"50385\" data-full-url=\"https:\/\/www.enteratever.com\/2020\/wp-content\/uploads\/2021\/07\/WhatsApp-Image-2021-07-09-at-15.53.12.jpeg\" data-link=\"https:\/\/www.enteratever.com\/?attachment_id=50385\" class=\"wp-image-50385\"\/><\/figure><\/li><\/ul><\/figure>\n","protected":false},"excerpt":{"rendered":"<p>Visitas: 0 A fin de poder garantizar la seguridad de los j\u00f3venes durante el pr\u00f3ximo ciclo escolar el Instituto Tecnol\u00f3gico Superior de Poza Rica (ITSPR) est\u00e1 buscando una estrategia para que los j\u00f3venes puedan regresar a clases presenciales, por lo que junto a especialistas del Hospital Regional de Poza Rica lo viene realizando. Por instrucciones [&hellip;]<\/p>\n","protected":false},"author":4,"featured_media":174137,"comment_status":"open","ping_status":"open","sticky":false,"template":"","format":"standard","meta":{"footnotes":""},"categories":[213],"tags":[],"class_list":["post-174136","post","type-post","status-publish","format-standard","has-post-thumbnail","category-poza-rica"],"nelio_content":{"isAutoShareEnabled":true,"autoShareEndMode":"never","automationSources":{"useCustomSentences":false,"customSentences":[]},"followers":[],"suggestedReferences":[],"efiUrl":"","efiAlt":"","highlights":[],"permalinkQueryArgs":[],"series":[]},"_links":{"self":[{"href":"https:\/\/www.enteratever.com\/2023\/wp-json\/wp\/v2\/posts\/174136","targetHints":{"allow":["GET"]}}],"collection":[{"href":"https:\/\/www.enteratever.com\/2023\/wp-json\/wp\/v2\/posts"}],"about":[{"href":"https:\/\/www.enteratever.com\/2023\/wp-json\/wp\/v2\/types\/post"}],"author":[{"embeddable":true,"href":"https:\/\/www.enteratever.com\/2023\/wp-json\/wp\/v2\/users\/4"}],"replies":[{"embeddable":true,"href":"https:\/\/www.enteratever.com\/2023\/wp-json\/wp\/v2\/comments?post=174136"}],"version-history":[{"count":0,"href":"https:\/\/www.enteratever.com\/2023\/wp-json\/wp\/v2\/posts\/174136\/revisions"}],"wp:featuredmedia":[{"embeddable":true,"href":"https:\/\/www.enteratever.com\/2023\/wp-json\/wp\/v2\/media\/174137"}],"wp:attachment":[{"href":"https:\/\/www.enteratever.com\/2023\/wp-json\/wp\/v2\/media?parent=174136"}],"wp:term":[{"taxonomy":"category","embeddable":true,"href":"https:\/\/www.enteratever.com\/2023\/wp-json\/wp\/v2\/categories?post=174136"},{"taxonomy":"post_tag","embeddable":true,"href":"https:\/\/www.enteratever.com\/2023\/wp-json\/wp\/v2\/tags?post=174136"}],"curies":[{"name":"wp","href":"https:\/\/api.w.org\/{rel}","templated":true}]}}