{"id":174134,"date":"2021-07-09T22:02:13","date_gmt":"2021-07-09T22:02:13","guid":{"rendered":"https:\/\/www.enteratever.com\/2023\/padre-jonny-pide-no-bajar-la-guardia\/"},"modified":"2021-07-09T22:02:13","modified_gmt":"2021-07-09T22:02:13","slug":"padre-jonny-pide-no-bajar-la-guardia","status":"publish","type":"post","link":"https:\/\/www.enteratever.com\/2023\/2021\/07\/09\/padre-jonny-pide-no-bajar-la-guardia\/","title":{"rendered":"Padre Jonny pide no bajar la guardia"},"content":{"rendered":"<p>Visitas: 1<\/p>\n<p class=\"wp-block-paragraph\">El Sacerdote Juan Jaime Su\u00e1rez Silva mejor conocido como Jonny, de la iglesia Coraz\u00f3n de Jes\u00fas en este municipio, dijo que es muy preocupante el incremento de casos de covid-19 que se ha venido registrando en el municipio, por lo que pidi\u00f3 a la poblaci\u00f3n a qu\u00e9 no bajen la guardia, que sean consientes y eviten salir si no es necesario, para as\u00ed no exponerse uno y a su familia.<\/p>\n\n\n\n<p class=\"wp-block-paragraph\">A trav\u00e9s de redes sociales en donde el padre ofrece misa y algunas otras actividades desde que inici\u00f3 la pandemia, por lo que hizo el llamado a la comunidad cat\u00f3lica, para evitar exponerse al contagio, que en los \u00faltimos d\u00edas de en Poza Rica est\u00e1n aumentando de manera considerable, al igual pidi\u00f3 que hagan una oraci\u00f3n por lo que est\u00e1n internados y por el personal medico.<\/p>\n\n\n\n<p class=\"wp-block-paragraph\">Pidi\u00f3 que tengan contacto con Dios en momentos tan complicados, pues la tercera ola de contagios de covid-19 se aproxima a la ciudad y se tiene que evitar que los hospitales vuelvan a tener un sobre cupo como pas\u00f3 a finales del a\u00f1o pasado, por lo que es importante que los ciudadanos sigan utilizando el cubrebocas, guardar la sana distancia y seguir ciertas medidas que no los exponga.<\/p>\n\n\n\n<p class=\"wp-block-paragraph\">Record\u00f3 que tambi\u00e9n hay casos de sacerdotes que han fallecido debido a esta enfermedad, por lo que tambi\u00e9n hizo un llamado a sus compa\u00f1eros para no realizar ning\u00fan tipo de actividad, que busquen alternativas como las redes sociales, que en su caso le ha permitido seguir dando su servicio, ya que la iglesia en donde da misa se encuentra cerrada desde el a\u00f1o pasado.<\/p>\n\n\n\n<p class=\"wp-block-paragraph\">El p\u00e1rroco coment\u00f3 que es impresionante ver c\u00f3mo sigue creciendo la cifra de casos positivos, por \u00faltimo, pidi\u00f3 al pueblo cat\u00f3lico que hagan una oraci\u00f3n por aquellos que han perdido a un familiar debido a la enfermedad, ya que en la actualidad son los j\u00f3venes los que encabezan la lista de los pacientes internados.<\/p>\n\n\n\n<figure class=\"wp-block-gallery columns-1 wp-block-gallery-1 is-layout-flex wp-block-gallery-is-layout-flex\"><ul class=\"blocks-gallery-grid\"><li class=\"blocks-gallery-item\"><figure><img decoding=\"async\" src=\"https:\/\/www.enteratever.com\/2020\/wp-content\/uploads\/2021\/07\/WhatsApp-Image-2021-07-09-at-14.55.39.jpeg\" alt=\"\" data-id=\"50375\" data-full-url=\"https:\/\/www.enteratever.com\/2020\/wp-content\/uploads\/2021\/07\/WhatsApp-Image-2021-07-09-at-14.55.39.jpeg\" data-link=\"https:\/\/www.enteratever.com\/?attachment_id=50375\" class=\"wp-image-50375\"\/><\/figure><\/li><li class=\"blocks-gallery-item\"><figure><img decoding=\"async\" src=\"https:\/\/www.enteratever.com\/2020\/wp-content\/uploads\/2021\/07\/WhatsApp-Image-2021-07-09-at-14.55.56.jpeg\" alt=\"\" data-id=\"50376\" data-full-url=\"https:\/\/www.enteratever.com\/2020\/wp-content\/uploads\/2021\/07\/WhatsApp-Image-2021-07-09-at-14.55.56.jpeg\" data-link=\"https:\/\/www.enteratever.com\/?attachment_id=50376\" class=\"wp-image-50376\"\/><\/figure><\/li><\/ul><\/figure>\n","protected":false},"excerpt":{"rendered":"<p>Visitas: 1 El Sacerdote Juan Jaime Su\u00e1rez Silva mejor conocido como Jonny, de la iglesia Coraz\u00f3n de Jes\u00fas en este municipio, dijo que es muy preocupante el incremento de casos de covid-19 que se ha venido registrando en el municipio, por lo que pidi\u00f3 a la poblaci\u00f3n a qu\u00e9 no bajen la guardia, que sean [&hellip;]<\/p>\n","protected":false},"author":4,"featured_media":174135,"comment_status":"open","ping_status":"open","sticky":false,"template":"","format":"standard","meta":{"footnotes":""},"categories":[213],"tags":[],"class_list":["post-174134","post","type-post","status-publish","format-standard","has-post-thumbnail","category-poza-rica"],"nelio_content":{"isAutoShareEnabled":true,"autoShareEndMode":"never","automationSources":{"useCustomSentences":false,"customSentences":[]},"followers":[],"suggestedReferences":[],"efiUrl":"","efiAlt":"","highlights":[],"permalinkQueryArgs":[],"series":[]},"_links":{"self":[{"href":"https:\/\/www.enteratever.com\/2023\/wp-json\/wp\/v2\/posts\/174134","targetHints":{"allow":["GET"]}}],"collection":[{"href":"https:\/\/www.enteratever.com\/2023\/wp-json\/wp\/v2\/posts"}],"about":[{"href":"https:\/\/www.enteratever.com\/2023\/wp-json\/wp\/v2\/types\/post"}],"author":[{"embeddable":true,"href":"https:\/\/www.enteratever.com\/2023\/wp-json\/wp\/v2\/users\/4"}],"replies":[{"embeddable":true,"href":"https:\/\/www.enteratever.com\/2023\/wp-json\/wp\/v2\/comments?post=174134"}],"version-history":[{"count":0,"href":"https:\/\/www.enteratever.com\/2023\/wp-json\/wp\/v2\/posts\/174134\/revisions"}],"wp:featuredmedia":[{"embeddable":true,"href":"https:\/\/www.enteratever.com\/2023\/wp-json\/wp\/v2\/media\/174135"}],"wp:attachment":[{"href":"https:\/\/www.enteratever.com\/2023\/wp-json\/wp\/v2\/media?parent=174134"}],"wp:term":[{"taxonomy":"category","embeddable":true,"href":"https:\/\/www.enteratever.com\/2023\/wp-json\/wp\/v2\/categories?post=174134"},{"taxonomy":"post_tag","embeddable":true,"href":"https:\/\/www.enteratever.com\/2023\/wp-json\/wp\/v2\/tags?post=174134"}],"curies":[{"name":"wp","href":"https:\/\/api.w.org\/{rel}","templated":true}]}}