{"id":174122,"date":"2021-07-08T01:54:48","date_gmt":"2021-07-08T01:54:48","guid":{"rendered":"https:\/\/www.enteratever.com\/2023\/en-septiembre-concluira-la-remodelacion-del-parque-de-las-americas\/"},"modified":"2021-07-08T01:54:48","modified_gmt":"2021-07-08T01:54:48","slug":"en-septiembre-concluira-la-remodelacion-del-parque-de-las-americas","status":"publish","type":"post","link":"https:\/\/www.enteratever.com\/2023\/2021\/07\/08\/en-septiembre-concluira-la-remodelacion-del-parque-de-las-americas\/","title":{"rendered":"En septiembre concluir\u00e1 la remodelaci\u00f3n del parque de las Am\u00e9ricas"},"content":{"rendered":"<p>Visitas: 1<\/p>\n<p class=\"wp-block-paragraph\">Se espera que para para finales del mes de septiembre se concluya la remodelaci\u00f3n del parque de las Am\u00e9ricas de este municipio, el cual contar\u00e1 con un museo del petr\u00f3leo, de acuerdo a los trabajadores, los trabajos iniciaron el pasado 29 de junio, por lo que ser\u00e1n meses de mucho trabajo debido a las condiciones en las que se encontraba el lugar.<\/p>\n\n\n\n<p class=\"wp-block-paragraph\">Dicha remodelaci\u00f3n costar\u00e1 4.5 millones de pesos y la empresa a cargo de los trabajos es Soluciones Constructivas y Energ\u00e9ticas S.A. de C.V., por lo que el parque se mantiene cerrado al p\u00fablico en general hasta que concluyan con la nueva imagen con la que contar\u00e1 este parque.<\/p>\n\n\n\n<p class=\"wp-block-paragraph\">Se\u00f1alaron que la obra consiste en reconstrucci\u00f3n de todo el piso del parque, la reposici\u00f3n de los barandales, la aplicaci\u00f3n de pintura, la rehabilitaci\u00f3n del alumbrado p\u00fablico, de las astas de las banderas y de las bancas, adem\u00e1s de la colocaci\u00f3n de las letras nominales de Poza Rica, y la instalaci\u00f3n de dos resbaladillas adornadas con peces, que proteger\u00e1n al mural.<\/p>\n\n\n\n<p class=\"wp-block-paragraph\">En este tambi\u00e9n se contempla la construcci\u00f3n del museo, estar\u00e1 ubicada en donde anteriormente se pesaba instalar una Galer\u00eda Hist\u00f3rica de Poza Rica, este museo estar\u00e1 climatizado y contar\u00e1 con pantallas interactivas, murales en paredes, nichos e iluminaci\u00f3n acorde a las exposiciones.<\/p>\n\n\n\n<p class=\"wp-block-paragraph\">Los encargados de la obra pidieron a la ciudadan\u00eda de su compresi\u00f3n, ya que el entrar al parque representa un riesgo, se\u00f1alan que es durante las tardes cuando la poblaci\u00f3n entra, por lo que ya han solicitado al ayuntamiento vigilancia durante la tarde para prevenir alg\u00fan accidente, ya que en pocos d\u00edas se estar\u00e1 retirando todos los barandales.<\/p>\n\n\n\n<figure class=\"wp-block-gallery columns-1 wp-block-gallery-1 is-layout-flex wp-block-gallery-is-layout-flex\"><ul class=\"blocks-gallery-grid\"><li class=\"blocks-gallery-item\"><figure><img decoding=\"async\" src=\"https:\/\/www.enteratever.com\/2020\/wp-content\/uploads\/2021\/07\/WhatsApp-Image-2021-07-07-at-17.28.29.jpeg\" alt=\"\" data-id=\"50178\" data-full-url=\"https:\/\/www.enteratever.com\/2020\/wp-content\/uploads\/2021\/07\/WhatsApp-Image-2021-07-07-at-17.28.29.jpeg\" data-link=\"https:\/\/www.enteratever.com\/?attachment_id=50178\" class=\"wp-image-50178\"\/><\/figure><\/li><li class=\"blocks-gallery-item\"><figure><img decoding=\"async\" src=\"https:\/\/www.enteratever.com\/2020\/wp-content\/uploads\/2021\/07\/WhatsApp-Image-2021-07-07-at-17.28.30.jpeg\" alt=\"\" data-id=\"50179\" data-full-url=\"https:\/\/www.enteratever.com\/2020\/wp-content\/uploads\/2021\/07\/WhatsApp-Image-2021-07-07-at-17.28.30.jpeg\" data-link=\"https:\/\/www.enteratever.com\/?attachment_id=50179\" class=\"wp-image-50179\"\/><\/figure><\/li><li class=\"blocks-gallery-item\"><figure><img decoding=\"async\" src=\"https:\/\/www.enteratever.com\/2020\/wp-content\/uploads\/2021\/07\/WhatsApp-Image-2021-07-07-at-17.28.31.jpeg\" alt=\"\" data-id=\"50180\" data-full-url=\"https:\/\/www.enteratever.com\/2020\/wp-content\/uploads\/2021\/07\/WhatsApp-Image-2021-07-07-at-17.28.31.jpeg\" data-link=\"https:\/\/www.enteratever.com\/?attachment_id=50180\" class=\"wp-image-50180\"\/><\/figure><\/li><li class=\"blocks-gallery-item\"><figure><img decoding=\"async\" src=\"https:\/\/www.enteratever.com\/2020\/wp-content\/uploads\/2021\/07\/WhatsApp-Image-2021-07-07-at-17.28.32.jpeg\" alt=\"\" data-id=\"50181\" data-full-url=\"https:\/\/www.enteratever.com\/2020\/wp-content\/uploads\/2021\/07\/WhatsApp-Image-2021-07-07-at-17.28.32.jpeg\" data-link=\"https:\/\/www.enteratever.com\/?attachment_id=50181\" class=\"wp-image-50181\"\/><\/figure><\/li><li class=\"blocks-gallery-item\"><figure><img decoding=\"async\" src=\"https:\/\/www.enteratever.com\/2020\/wp-content\/uploads\/2021\/07\/WhatsApp-Image-2021-07-07-at-17.28.33.jpeg\" alt=\"\" data-id=\"50182\" data-full-url=\"https:\/\/www.enteratever.com\/2020\/wp-content\/uploads\/2021\/07\/WhatsApp-Image-2021-07-07-at-17.28.33.jpeg\" data-link=\"https:\/\/www.enteratever.com\/?attachment_id=50182\" class=\"wp-image-50182\"\/><\/figure><\/li><li class=\"blocks-gallery-item\"><figure><img decoding=\"async\" src=\"https:\/\/www.enteratever.com\/2020\/wp-content\/uploads\/2021\/07\/WhatsApp-Image-2021-07-07-at-17.28.34.jpeg\" alt=\"\" data-id=\"50183\" data-full-url=\"https:\/\/www.enteratever.com\/2020\/wp-content\/uploads\/2021\/07\/WhatsApp-Image-2021-07-07-at-17.28.34.jpeg\" data-link=\"https:\/\/www.enteratever.com\/?attachment_id=50183\" class=\"wp-image-50183\"\/><\/figure><\/li><\/ul><\/figure>\n","protected":false},"excerpt":{"rendered":"<p>Visitas: 1 Se espera que para para finales del mes de septiembre se concluya la remodelaci\u00f3n del parque de las Am\u00e9ricas de este municipio, el cual contar\u00e1 con un museo del petr\u00f3leo, de acuerdo a los trabajadores, los trabajos iniciaron el pasado 29 de junio, por lo que ser\u00e1n meses de mucho trabajo debido a [&hellip;]<\/p>\n","protected":false},"author":4,"featured_media":174123,"comment_status":"open","ping_status":"open","sticky":false,"template":"","format":"standard","meta":{"footnotes":""},"categories":[213],"tags":[],"class_list":["post-174122","post","type-post","status-publish","format-standard","has-post-thumbnail","category-poza-rica"],"nelio_content":{"isAutoShareEnabled":true,"autoShareEndMode":"never","automationSources":{"useCustomSentences":false,"customSentences":[]},"followers":[],"suggestedReferences":[],"efiUrl":"","efiAlt":"","highlights":[],"permalinkQueryArgs":[],"series":[]},"_links":{"self":[{"href":"https:\/\/www.enteratever.com\/2023\/wp-json\/wp\/v2\/posts\/174122","targetHints":{"allow":["GET"]}}],"collection":[{"href":"https:\/\/www.enteratever.com\/2023\/wp-json\/wp\/v2\/posts"}],"about":[{"href":"https:\/\/www.enteratever.com\/2023\/wp-json\/wp\/v2\/types\/post"}],"author":[{"embeddable":true,"href":"https:\/\/www.enteratever.com\/2023\/wp-json\/wp\/v2\/users\/4"}],"replies":[{"embeddable":true,"href":"https:\/\/www.enteratever.com\/2023\/wp-json\/wp\/v2\/comments?post=174122"}],"version-history":[{"count":0,"href":"https:\/\/www.enteratever.com\/2023\/wp-json\/wp\/v2\/posts\/174122\/revisions"}],"wp:featuredmedia":[{"embeddable":true,"href":"https:\/\/www.enteratever.com\/2023\/wp-json\/wp\/v2\/media\/174123"}],"wp:attachment":[{"href":"https:\/\/www.enteratever.com\/2023\/wp-json\/wp\/v2\/media?parent=174122"}],"wp:term":[{"taxonomy":"category","embeddable":true,"href":"https:\/\/www.enteratever.com\/2023\/wp-json\/wp\/v2\/categories?post=174122"},{"taxonomy":"post_tag","embeddable":true,"href":"https:\/\/www.enteratever.com\/2023\/wp-json\/wp\/v2\/tags?post=174122"}],"curies":[{"name":"wp","href":"https:\/\/api.w.org\/{rel}","templated":true}]}}