{"id":174120,"date":"2021-07-07T21:01:07","date_gmt":"2021-07-07T21:01:07","guid":{"rendered":"https:\/\/www.enteratever.com\/2023\/centro-de-idiomas-de-la-uv-presenta-periodo-de-inscripcion\/"},"modified":"2021-07-07T21:01:07","modified_gmt":"2021-07-07T21:01:07","slug":"centro-de-idiomas-de-la-uv-presenta-periodo-de-inscripcion","status":"publish","type":"post","link":"https:\/\/www.enteratever.com\/2023\/2021\/07\/07\/centro-de-idiomas-de-la-uv-presenta-periodo-de-inscripcion\/","title":{"rendered":"Centro de Idiomas de la UV presenta periodo de inscripci\u00f3n"},"content":{"rendered":"<p>Visitas: 6<\/p>\n<p class=\"wp-block-paragraph\">Poza Rica, Veracruz.- La Universidad Veracruzana (UV) dio a conocer las fecha del periodo de inscripci\u00f3n para los j\u00f3venes interesados en estudiar alg\u00fan idioma, por lo que el proceso de inscripci\u00f3n ser\u00e1 del pr\u00f3ximo 12 de julio y concluir\u00e1n hasta el 16 Julio en una primera etapa, la segunda ser\u00e1 del 16 al 20 de julio, as\u00ed lo dio a conocer Amanda Yannet Aquino Gonz\u00e1lez, Coordinadora del Centro de Idiomas en Poza Rica.<\/p>\n\n\n\n<p class=\"wp-block-paragraph\">En rueda de prensa inform\u00f3 que el pr\u00f3ximo lunes iniciar\u00e1 la primera fase del periodo de inscripci\u00f3n, esto para confirmar los grupos destinados para cada idioma, ya que la m\u00e1xima casa de estudios ofrece Ingl\u00e9s conversaci\u00f3n y compresi\u00f3n de textos, Franc\u00e9s y Japon\u00e9s adem\u00e1s de que tambi\u00e9n cuentan con Totonaco, el cual ha tenido muy buena respuesta entre los j\u00f3venes.<\/p>\n\n\n\n<p class=\"wp-block-paragraph\">La coordinadora mencion\u00f3, que cada unos de los cursos tiene una duraci\u00f3n diferente, as\u00ed mismo dio a conocer que el semestre cuesta mil 165 pesos, dichos cursos son para j\u00f3venes de 16 a\u00f1os en adelante, por lo que los j\u00f3venes deber\u00e1n presentar su credencial de elector y en caso de ser menores de edad alguna credencial que acredite a la instituci\u00f3n educativa en la que estudian.<\/p>\n\n\n\n<p class=\"wp-block-paragraph\">Aquino Gonz\u00e1lez dijo que los cursos ser\u00e1n en l\u00ednea, adem\u00e1s de que este proyecto tambi\u00e9n se estar\u00e1 realizando en el municipio de Papantla, esto a fin de que los j\u00f3venes no tengan que salir de su municipio, por lo que permitir\u00e1 que m\u00e1s personas aprendan un idioma, adem\u00e1s de que se les da una certificaci\u00f3n al concluir sus estudios.<\/p>\n\n\n\n<p class=\"wp-block-paragraph\">Destac\u00f3 que debido a la pandemia se vio una reducci\u00f3n m\u00ednima en la plantilla estudiantil en el Centro de Idiomas de la UV, pero a\u00fan se logr\u00f3 mantener a los grupos, por lo que en esta ocasi\u00f3n esperan que los j\u00f3venes puedan ingresar, pues es la oportunidad que tiene para aprender un idioma nuevo.<\/p>\n\n\n\n<figure class=\"wp-block-gallery columns-1 wp-block-gallery-1 is-layout-flex wp-block-gallery-is-layout-flex\"><ul class=\"blocks-gallery-grid\"><li class=\"blocks-gallery-item\"><figure><img decoding=\"async\" src=\"https:\/\/www.enteratever.com\/2020\/wp-content\/uploads\/2021\/07\/WhatsApp-Image-2021-07-07-at-15.50.39.jpeg\" alt=\"\" data-id=\"50169\" data-full-url=\"https:\/\/www.enteratever.com\/2020\/wp-content\/uploads\/2021\/07\/WhatsApp-Image-2021-07-07-at-15.50.39.jpeg\" data-link=\"https:\/\/www.enteratever.com\/?attachment_id=50169\" class=\"wp-image-50169\"\/><\/figure><\/li><li class=\"blocks-gallery-item\"><figure><img decoding=\"async\" src=\"https:\/\/www.enteratever.com\/2020\/wp-content\/uploads\/2021\/07\/WhatsApp-Image-2021-07-07-at-15.50.40.jpeg\" alt=\"\" data-id=\"50170\" data-full-url=\"https:\/\/www.enteratever.com\/2020\/wp-content\/uploads\/2021\/07\/WhatsApp-Image-2021-07-07-at-15.50.40.jpeg\" data-link=\"https:\/\/www.enteratever.com\/?attachment_id=50170\" class=\"wp-image-50170\"\/><\/figure><\/li><li class=\"blocks-gallery-item\"><figure><img decoding=\"async\" src=\"https:\/\/www.enteratever.com\/2020\/wp-content\/uploads\/2021\/07\/WhatsApp-Image-2021-07-07-at-15.50.41.jpeg\" alt=\"\" data-id=\"50171\" data-full-url=\"https:\/\/www.enteratever.com\/2020\/wp-content\/uploads\/2021\/07\/WhatsApp-Image-2021-07-07-at-15.50.41.jpeg\" data-link=\"https:\/\/www.enteratever.com\/?attachment_id=50171\" class=\"wp-image-50171\"\/><\/figure><\/li><\/ul><\/figure>\n","protected":false},"excerpt":{"rendered":"<p>Visitas: 6 Poza Rica, Veracruz.- La Universidad Veracruzana (UV) dio a conocer las fecha del periodo de inscripci\u00f3n para los j\u00f3venes interesados en estudiar alg\u00fan idioma, por lo que el proceso de inscripci\u00f3n ser\u00e1 del pr\u00f3ximo 12 de julio y concluir\u00e1n hasta el 16 Julio en una primera etapa, la segunda ser\u00e1 del 16 al [&hellip;]<\/p>\n","protected":false},"author":4,"featured_media":174121,"comment_status":"open","ping_status":"open","sticky":false,"template":"","format":"standard","meta":{"footnotes":""},"categories":[213],"tags":[],"class_list":["post-174120","post","type-post","status-publish","format-standard","has-post-thumbnail","category-poza-rica"],"nelio_content":{"isAutoShareEnabled":true,"autoShareEndMode":"never","automationSources":{"useCustomSentences":false,"customSentences":[]},"followers":[],"suggestedReferences":[],"efiUrl":"","efiAlt":"","highlights":[],"permalinkQueryArgs":[],"series":[]},"_links":{"self":[{"href":"https:\/\/www.enteratever.com\/2023\/wp-json\/wp\/v2\/posts\/174120","targetHints":{"allow":["GET"]}}],"collection":[{"href":"https:\/\/www.enteratever.com\/2023\/wp-json\/wp\/v2\/posts"}],"about":[{"href":"https:\/\/www.enteratever.com\/2023\/wp-json\/wp\/v2\/types\/post"}],"author":[{"embeddable":true,"href":"https:\/\/www.enteratever.com\/2023\/wp-json\/wp\/v2\/users\/4"}],"replies":[{"embeddable":true,"href":"https:\/\/www.enteratever.com\/2023\/wp-json\/wp\/v2\/comments?post=174120"}],"version-history":[{"count":0,"href":"https:\/\/www.enteratever.com\/2023\/wp-json\/wp\/v2\/posts\/174120\/revisions"}],"wp:featuredmedia":[{"embeddable":true,"href":"https:\/\/www.enteratever.com\/2023\/wp-json\/wp\/v2\/media\/174121"}],"wp:attachment":[{"href":"https:\/\/www.enteratever.com\/2023\/wp-json\/wp\/v2\/media?parent=174120"}],"wp:term":[{"taxonomy":"category","embeddable":true,"href":"https:\/\/www.enteratever.com\/2023\/wp-json\/wp\/v2\/categories?post=174120"},{"taxonomy":"post_tag","embeddable":true,"href":"https:\/\/www.enteratever.com\/2023\/wp-json\/wp\/v2\/tags?post=174120"}],"curies":[{"name":"wp","href":"https:\/\/api.w.org\/{rel}","templated":true}]}}