{"id":174108,"date":"2021-07-06T17:51:17","date_gmt":"2021-07-06T17:51:17","guid":{"rendered":"https:\/\/www.enteratever.com\/2023\/__trashed-8\/"},"modified":"2021-07-06T17:51:17","modified_gmt":"2021-07-06T17:51:17","slug":"__trashed-8","status":"publish","type":"post","link":"https:\/\/www.enteratever.com\/2023\/2021\/07\/06\/__trashed-8\/","title":{"rendered":"Instalan m\u00f3dulo informativo para enjuiciar a ex presidentes"},"content":{"rendered":"<p>Visitas: 0<\/p>\n<p class=\"wp-block-paragraph\">Poza Rica, Veracruz.- Instalan m\u00f3dulo de informaci\u00f3n para dar a conocer a la poblaci\u00f3n sobre la consulta ciudadana que se estar\u00e1 llevando a cabo el pr\u00f3ximo primero de agosto, la cual tiene como objetivo de que la poblaci\u00f3n sea la que decida que si est\u00e1n de acuerdo de que se enjuicien a los expresidentes de la Rep\u00fablica Mexicana por sus malas acciones durante su sexenio.<\/p>\n\n\n\n<figure class=\"wp-block-image size-full\"><img decoding=\"async\" src=\"https:\/\/www.enteratever.com\/2020\/wp-content\/uploads\/2021\/07\/WhatsApp-Image-2021-07-06-at-12.24.37.jpeg\" alt=\"\" class=\"wp-image-50030\"\/><\/figure>\n\n\n\n<p class=\"wp-block-paragraph\">De acuerdo con los ciudadanos este m\u00f3dulo solo es para informar a la gente en qu\u00e9 consiste la consulta, destacaron que no pertenecen a ning\u00fan partido pol\u00edtico, simplemente son ciudadanos interesados que la poblaci\u00f3n de Poza Rica sepa que es lo que se estar\u00e1 realizando el pr\u00f3ximo primero de agosto.<\/p>\n\n\n\n<figure class=\"wp-block-image size-full\"><img decoding=\"async\" src=\"https:\/\/www.enteratever.com\/2020\/wp-content\/uploads\/2021\/07\/WhatsApp-Image-2021-07-06-at-12.24.35.jpeg\" alt=\"\" class=\"wp-image-50029\"\/><\/figure>\n\n\n\n<p class=\"wp-block-paragraph\">La propuesta de enjuiciar a los ex presidente fue dada por el cual presidente de M\u00e9xico, Andr\u00e9s Manuel L\u00f3pez Obrador, qui\u00e9n en su momento dijo que ser\u00eda la ciudadan\u00eda la encargada de decidir las acciones que se estar\u00edan tomando contra los ex mandatarios, por lo que despu\u00e9s de varios meses de espera dieron a conocer que el primero de agosto ser\u00e1 la fecha en que la ciudadan\u00eda tomara la decisi\u00f3n.<\/p>\n\n\n\n<figure class=\"wp-block-image size-full\"><img decoding=\"async\" src=\"https:\/\/www.enteratever.com\/2020\/wp-content\/uploads\/2021\/07\/WhatsApp-Image-2021-07-06-at-12.24.39.jpeg\" alt=\"\" class=\"wp-image-50031\"\/><\/figure>\n\n\n\n<p class=\"wp-block-paragraph\">Se requieren de 37 mil votos a favor para que la encuentras sea tomada en cuenta, est\u00e1 ser\u00e1 realizada por el Instituto Nacional Electoral (INE), por lo que exhortan a la ciudadan\u00eda a que el pr\u00f3ximo primero de agosto salgan a las mesas en donde se estar\u00e1 llevando la consulta para hacer que paguen por las malas acciones que realizaron durante su sexenio.<\/p>\n\n\n\n<figure class=\"wp-block-image size-full\"><img decoding=\"async\" src=\"https:\/\/www.enteratever.com\/2020\/wp-content\/uploads\/2021\/07\/WhatsApp-Image-2021-07-06-at-12.24.40.jpeg\" alt=\"\" class=\"wp-image-50032\"\/><\/figure>\n\n\n\n<p class=\"wp-block-paragraph\">Destacaron que el m\u00f3dulo estar\u00e1 instalado en la plaza c\u00edvica, el cual tendr\u00e1 un horario de 10:00 a 18:00 horas, al igual estar\u00e1n acudiendo a las colonias y a las principales calles de la ciudad para entregar la informaci\u00f3n en donde explican el motivo por el cual quieren enjuiciar a los expresidente<\/p>\n\n\n\n<p class=\"wp-block-paragraph\"><a href=\"https:\/\/fb.watch\/v\/fWCFK6MeV\/\" data-type=\"URL\" data-id=\"https:\/\/fb.watch\/v\/fWCFK6MeV\/\"><strong>VIDEO: Instalan m\u00f3dulo de informaci\u00f3n para dar a conocer la consulta ciudadana para enjuiciar a ex presidente de la rep\u00fablica<\/strong><\/a><\/p>\n\n\n\n<p class=\"wp-block-paragraph\">Destacaron que en el municipio petrolero tiene como meta el recolectar un total de 30 mil firmas, por lo que invitan a la gente a qu\u00e9 participe en uno de los procesos m\u00e1s importantes, ya que nunca se hab\u00eda hecho algo as\u00ed, por lo que ser\u00e1 un d\u00eda hist\u00f3rico para el pa\u00eds.<\/p>\n","protected":false},"excerpt":{"rendered":"<p>Visitas: 0 Poza Rica, Veracruz.- Instalan m\u00f3dulo de informaci\u00f3n para dar a conocer a la poblaci\u00f3n sobre la consulta ciudadana que se estar\u00e1 llevando a cabo el pr\u00f3ximo primero de agosto, la cual tiene como objetivo de que la poblaci\u00f3n sea la que decida que si est\u00e1n de acuerdo de que se enjuicien a los [&hellip;]<\/p>\n","protected":false},"author":4,"featured_media":174109,"comment_status":"open","ping_status":"open","sticky":false,"template":"","format":"standard","meta":{"footnotes":""},"categories":[213],"tags":[],"class_list":["post-174108","post","type-post","status-publish","format-standard","has-post-thumbnail","category-poza-rica"],"nelio_content":{"isAutoShareEnabled":true,"autoShareEndMode":"never","automationSources":{"useCustomSentences":false,"customSentences":[]},"followers":[],"suggestedReferences":[],"efiUrl":"","efiAlt":"","highlights":[],"permalinkQueryArgs":[],"series":[]},"_links":{"self":[{"href":"https:\/\/www.enteratever.com\/2023\/wp-json\/wp\/v2\/posts\/174108","targetHints":{"allow":["GET"]}}],"collection":[{"href":"https:\/\/www.enteratever.com\/2023\/wp-json\/wp\/v2\/posts"}],"about":[{"href":"https:\/\/www.enteratever.com\/2023\/wp-json\/wp\/v2\/types\/post"}],"author":[{"embeddable":true,"href":"https:\/\/www.enteratever.com\/2023\/wp-json\/wp\/v2\/users\/4"}],"replies":[{"embeddable":true,"href":"https:\/\/www.enteratever.com\/2023\/wp-json\/wp\/v2\/comments?post=174108"}],"version-history":[{"count":0,"href":"https:\/\/www.enteratever.com\/2023\/wp-json\/wp\/v2\/posts\/174108\/revisions"}],"wp:featuredmedia":[{"embeddable":true,"href":"https:\/\/www.enteratever.com\/2023\/wp-json\/wp\/v2\/media\/174109"}],"wp:attachment":[{"href":"https:\/\/www.enteratever.com\/2023\/wp-json\/wp\/v2\/media?parent=174108"}],"wp:term":[{"taxonomy":"category","embeddable":true,"href":"https:\/\/www.enteratever.com\/2023\/wp-json\/wp\/v2\/categories?post=174108"},{"taxonomy":"post_tag","embeddable":true,"href":"https:\/\/www.enteratever.com\/2023\/wp-json\/wp\/v2\/tags?post=174108"}],"curies":[{"name":"wp","href":"https:\/\/api.w.org\/{rel}","templated":true}]}}