{"id":174105,"date":"2021-07-06T17:11:22","date_gmt":"2021-07-06T17:11:22","guid":{"rendered":"https:\/\/www.enteratever.com\/2023\/no-se-limitara-el-acceso-al-primer-cuadro-de-la-ciudad\/"},"modified":"2021-07-06T17:11:22","modified_gmt":"2021-07-06T17:11:22","slug":"no-se-limitara-el-acceso-al-primer-cuadro-de-la-ciudad","status":"publish","type":"post","link":"https:\/\/www.enteratever.com\/2023\/2021\/07\/06\/no-se-limitara-el-acceso-al-primer-cuadro-de-la-ciudad\/","title":{"rendered":"No se limitar\u00e1 el acceso al primer cuadro de la ciudad"},"content":{"rendered":"<p>Visitas: 0<\/p>\n<p class=\"wp-block-paragraph\">Pese a que el municipio se encuentra en color naranja esto debido al aumento considerable de casos de covid-19, el alcalde Francisco Javier Vel\u00e1zquez Vallejo, dijo que no se estar\u00e1 delimitando el primer cuadro de la ciudad, como el a\u00f1o pasado, en donde desde el mes de junio se tom\u00f3 la decisi\u00f3n de cerrar el acceso a autos particulares.<\/p>\n\n\n\n<p class=\"wp-block-paragraph\">En entrevista, el presidente municipal coment\u00f3 que no han pensado en cerrar algunas calles del centro de la ciudad, ya que ellos se basan en la ocupaci\u00f3n hospitalaria con la que cuenten los hospitales en donde se atienden casos de covid-19, ya que el a\u00f1o pasado en estas fechas hab\u00eda una gran cantidad de casos.<\/p>\n\n\n\n<figure class=\"wp-block-image size-full\"><img decoding=\"async\" src=\"https:\/\/www.enteratever.com\/2020\/wp-content\/uploads\/2021\/07\/2021EV00062.jpeg\" alt=\"\" class=\"wp-image-50018\"\/><\/figure>\n\n\n\n<p class=\"wp-block-paragraph\">Hizo un llamado a la ciudadan\u00eda a evitar acudir a lugares concurridos, pues son estos los lugares en donde existe un mayor riesgo de contagio, al igual exhort\u00f3 a los j\u00f3venes a que eviten acudir a este tipo de espacios, ya que ahora son los j\u00f3venes los que encabezan las listas de casos, por lo que es necesario ser consiente para evitar llegar a situaciones como las que se presentaron el a\u00f1o pasado.<\/p>\n\n\n\n<p class=\"wp-block-paragraph\">Destac\u00f3 que el hecho de que cierto sector de la poblaci\u00f3n ya se encuentra vacunado, eso no les garantiza que pueden infectarse, es por eso que pidi\u00f3 que no se baje la guardia y seguir con el uso de gel antibacterial, cubrebocas y respetar la sana distancia, el no salir si no es necesario.<\/p>\n\n\n\n<figure class=\"wp-block-image size-full\"><img decoding=\"async\" src=\"https:\/\/www.enteratever.com\/2020\/wp-content\/uploads\/2021\/07\/2021EV00061.jpeg\" alt=\"\" class=\"wp-image-50019\"\/><\/figure>\n\n\n\n<p class=\"wp-block-paragraph\">Cabe destacar que el 2020 la ciudad se recibi\u00f3 los contagiados de la regi\u00f3n, raz\u00f3n por la cual los hospitales de la ciudad llegaron al limite de las camillas que ten\u00edan disponibles para las personas contagiadas, es por eso que autoridades estatales y municipales buscan la manera de evitar pasar por la misma situaci\u00f3n.<\/p>\n","protected":false},"excerpt":{"rendered":"<p>Visitas: 0 Pese a que el municipio se encuentra en color naranja esto debido al aumento considerable de casos de covid-19, el alcalde Francisco Javier Vel\u00e1zquez Vallejo, dijo que no se estar\u00e1 delimitando el primer cuadro de la ciudad, como el a\u00f1o pasado, en donde desde el mes de junio se tom\u00f3 la decisi\u00f3n de [&hellip;]<\/p>\n","protected":false},"author":4,"featured_media":171627,"comment_status":"open","ping_status":"open","sticky":false,"template":"","format":"standard","meta":{"footnotes":""},"categories":[213],"tags":[],"class_list":["post-174105","post","type-post","status-publish","format-standard","has-post-thumbnail","category-poza-rica"],"nelio_content":{"isAutoShareEnabled":true,"autoShareEndMode":"never","automationSources":{"useCustomSentences":false,"customSentences":[]},"followers":[],"suggestedReferences":[],"efiUrl":"","efiAlt":"","highlights":[],"permalinkQueryArgs":[],"series":[]},"_links":{"self":[{"href":"https:\/\/www.enteratever.com\/2023\/wp-json\/wp\/v2\/posts\/174105","targetHints":{"allow":["GET"]}}],"collection":[{"href":"https:\/\/www.enteratever.com\/2023\/wp-json\/wp\/v2\/posts"}],"about":[{"href":"https:\/\/www.enteratever.com\/2023\/wp-json\/wp\/v2\/types\/post"}],"author":[{"embeddable":true,"href":"https:\/\/www.enteratever.com\/2023\/wp-json\/wp\/v2\/users\/4"}],"replies":[{"embeddable":true,"href":"https:\/\/www.enteratever.com\/2023\/wp-json\/wp\/v2\/comments?post=174105"}],"version-history":[{"count":0,"href":"https:\/\/www.enteratever.com\/2023\/wp-json\/wp\/v2\/posts\/174105\/revisions"}],"wp:featuredmedia":[{"embeddable":true,"href":"https:\/\/www.enteratever.com\/2023\/wp-json\/wp\/v2\/media\/171627"}],"wp:attachment":[{"href":"https:\/\/www.enteratever.com\/2023\/wp-json\/wp\/v2\/media?parent=174105"}],"wp:term":[{"taxonomy":"category","embeddable":true,"href":"https:\/\/www.enteratever.com\/2023\/wp-json\/wp\/v2\/categories?post=174105"},{"taxonomy":"post_tag","embeddable":true,"href":"https:\/\/www.enteratever.com\/2023\/wp-json\/wp\/v2\/tags?post=174105"}],"curies":[{"name":"wp","href":"https:\/\/api.w.org\/{rel}","templated":true}]}}