{"id":174103,"date":"2021-07-05T21:40:43","date_gmt":"2021-07-05T21:40:43","guid":{"rendered":"https:\/\/www.enteratever.com\/2023\/gobernador-asegura-que-el-caso-de-nicanor-y-rene-tovar-no-quedaran-impunes\/"},"modified":"2021-07-05T21:40:43","modified_gmt":"2021-07-05T21:40:43","slug":"gobernador-asegura-que-el-caso-de-nicanor-y-rene-tovar-no-quedaran-impunes","status":"publish","type":"post","link":"https:\/\/www.enteratever.com\/2023\/2021\/07\/05\/gobernador-asegura-que-el-caso-de-nicanor-y-rene-tovar-no-quedaran-impunes\/","title":{"rendered":"Gobernador asegura que el caso de Nicanor y Rene Tovar no quedaran impunes"},"content":{"rendered":"<p>Visitas: 0<\/p>\n<p class=\"wp-block-paragraph\">Durante la visita del gobernador del estado Cuitl\u00e1huac Garc\u00eda Jim\u00e9nez, que ante los casos de violencia registrados en el municipio de Tihuatl\u00e1n en donde falleci\u00f3 Nicanor Mart\u00ednez Olgu\u00edn dijo que se cuentan con dos l\u00edneas de investigaci\u00f3n que sigue la Fiscal\u00eda General del Estado, por lo que asegur\u00f3 que el caso no queda impune.<\/p>\n\n\n\n<p class=\"wp-block-paragraph\">El gobernador mencion\u00f3 que por lo delicado del caso no se revela ning\u00fan tipo de informaci\u00f3n, pero destac\u00f3 que la fiscal\u00eda ya cuenta con dos l\u00edneas de investigaci\u00f3n de quienes podr\u00edan ser los responsables, una de las dos cuenta con m\u00e1s elementos, pero ser\u00e1 esta la instancia que dar\u00e1 a conocer los pormenores del caso.<\/p>\n\n\n\n<p class=\"wp-block-paragraph\">Asegur\u00f3 que el caso no quedar\u00e1 impune, se realizaran todas la diligencias y procedimientos necesarios para esclarecer el caso, asimismo lament\u00f3 el momento que vivieron los acompa\u00f1antes de ex candidato suplente a la alcald\u00eda de Tihuatl\u00e1n, quien lamentablemente perdi\u00f3 la vida.<\/p>\n\n\n\n<p class=\"wp-block-paragraph\">Por otra parte, hablo sobre el caso de Rene Tovar, quien fue candidato a la alcald\u00eda de Cazones de Herrera, quien fue asesinado y s tiene como pregunto responsable a Omar \u201cN\u201d, con referencia a este caso, dijo que se cuentan con cuatro l\u00edneas de investigaci\u00f3n, las cuales se est\u00e1 desahogando.<\/p>\n\n\n\n<p class=\"wp-block-paragraph\">Se\u00f1al\u00f3 que Omar \u201cN\u201d se encuentra recluido, pues en d\u00edas anteriores medios locales, estatales y nacionales dieron a conocer una noticia falsa en donde aseguraban que se hab\u00eda quitado la vida, aseguro que se est\u00e1n habiendo las investigaciones correspondientes para dar con los culpables y que no queden impunes.<\/p>\n\n\n\n<p class=\"wp-block-paragraph\">En rueda de prensa el Jefe del Ejecutivo Estatal mencion\u00f3 que para la reactivaci\u00f3n econ\u00f3mica de la regi\u00f3n norte la carretera que va de La Mancha a Poza Rica estar\u00e1 siendo ampliada seis carriles, por lo que se convertir\u00e1 en una \u201csuper carretera\u201d, lo que permitir\u00e1 que se acorte el tiempo de llegada a un lugar.<\/p>\n\n\n\n<p class=\"wp-block-paragraph\">Dicha obra forma parte del proyecto de rehabilitaci\u00f3n de la carretera federal 180, una v\u00eda que atraviesa la entidad de norte a sur, rehabilitado y ampliando a dos carriles m\u00e1s 135 kil\u00f3metros, despuntando con ello la econom\u00eda y movilidad en la zona norte, es la Secretar\u00eda de Comunicaciones y Transportes (SCT), la responsable de realizar este proyecto, el cual iniciar\u00e1 el pr\u00f3ximo a\u00f1o y finalizar\u00e1 en 2023, figurando como uno de uno de mayores compromisos con la regi\u00f3n norte de la entidad.<\/p>\n\n\n\n<p class=\"wp-block-paragraph\">Por \u00faltimo, habl\u00f3 sobre las acciones para evitar que se configurare la tercera ola de Coronavirus en la entidad, el gobierno estatal emiti\u00f3 un decreto para que se aplique en el Estado, la Segunda Semana Preventiva denominada \u00abNo hagas olas y evita la tercera\u00bb, enfocado a disminuir el crecimiento del n\u00famero contagios de Covid-19.<\/p>\n\n\n\n<p class=\"wp-block-paragraph\">Estas estar\u00e1n arrancando 5 al martes 13 de julio y contemplan aplicar acciones enfocadas a evitar que una mayor cantidad de personas se contagien del virus, estableciendo protocolos de prevenci\u00f3n en toda la entidad, el gobernador exhort\u00f3 a la poblaci\u00f3n, en especial a los j\u00f3venes a que se aglutinen y hagan conciencia, para evitar lugares abiertos y cerrados, as\u00ed como a mantener las medidas sanitarias y recomendaciones generales como: sana distancia, buen uso del cubrebocas lavado de manos.<\/p>\n\n\n\n<p class=\"wp-block-paragraph\">Subray\u00f3 que se deben de tomar estrictamente dichas medidas correspondientes al sem\u00e1foro epidemiol\u00f3gico municipal, que ha emitido la autoridad sanitaria del Estado y que incluye la normatividad para actividades no esenciales, exhort\u00f3 a las Presidentas y Presidentes Municipales en todo el territorio del Estado de Veracruz, para coadyuvar a que la poblaci\u00f3n aplique las medidas sanitarias y recomendaciones generales, de tal manera que la tercera ola se pueda evitar.<\/p>\n\n\n\n<figure class=\"wp-block-gallery columns-1 wp-block-gallery-1 is-layout-flex wp-block-gallery-is-layout-flex\"><ul class=\"blocks-gallery-grid\"><li class=\"blocks-gallery-item\"><figure><img decoding=\"async\" src=\"https:\/\/www.enteratever.com\/2020\/wp-content\/uploads\/2021\/07\/2021EV00058.jpeg\" alt=\"\" data-id=\"49960\" data-full-url=\"https:\/\/www.enteratever.com\/2020\/wp-content\/uploads\/2021\/07\/2021EV00058.jpeg\" data-link=\"https:\/\/www.enteratever.com\/?attachment_id=49960\" class=\"wp-image-49960\"\/><\/figure><\/li><li class=\"blocks-gallery-item\"><figure><img decoding=\"async\" src=\"https:\/\/www.enteratever.com\/2020\/wp-content\/uploads\/2021\/07\/2021EV00059.jpeg\" alt=\"\" data-id=\"49961\" data-full-url=\"https:\/\/www.enteratever.com\/2020\/wp-content\/uploads\/2021\/07\/2021EV00059.jpeg\" data-link=\"https:\/\/www.enteratever.com\/?attachment_id=49961\" class=\"wp-image-49961\"\/><\/figure><\/li><li class=\"blocks-gallery-item\"><figure><img decoding=\"async\" src=\"https:\/\/www.enteratever.com\/2020\/wp-content\/uploads\/2021\/07\/2021EV00060.jpeg\" alt=\"\" data-id=\"49962\" data-full-url=\"https:\/\/www.enteratever.com\/2020\/wp-content\/uploads\/2021\/07\/2021EV00060.jpeg\" data-link=\"https:\/\/www.enteratever.com\/?attachment_id=49962\" class=\"wp-image-49962\"\/><\/figure><\/li><\/ul><\/figure>\n","protected":false},"excerpt":{"rendered":"<p>Visitas: 0 Durante la visita del gobernador del estado Cuitl\u00e1huac Garc\u00eda Jim\u00e9nez, que ante los casos de violencia registrados en el municipio de Tihuatl\u00e1n en donde falleci\u00f3 Nicanor Mart\u00ednez Olgu\u00edn dijo que se cuentan con dos l\u00edneas de investigaci\u00f3n que sigue la Fiscal\u00eda General del Estado, por lo que asegur\u00f3 que el caso no queda [&hellip;]<\/p>\n","protected":false},"author":4,"featured_media":174104,"comment_status":"open","ping_status":"open","sticky":false,"template":"","format":"standard","meta":{"footnotes":""},"categories":[213],"tags":[],"class_list":["post-174103","post","type-post","status-publish","format-standard","has-post-thumbnail","category-poza-rica"],"nelio_content":{"isAutoShareEnabled":true,"autoShareEndMode":"never","automationSources":{"useCustomSentences":false,"customSentences":[]},"followers":[],"suggestedReferences":[],"efiUrl":"","efiAlt":"","highlights":[],"permalinkQueryArgs":[],"series":[]},"_links":{"self":[{"href":"https:\/\/www.enteratever.com\/2023\/wp-json\/wp\/v2\/posts\/174103","targetHints":{"allow":["GET"]}}],"collection":[{"href":"https:\/\/www.enteratever.com\/2023\/wp-json\/wp\/v2\/posts"}],"about":[{"href":"https:\/\/www.enteratever.com\/2023\/wp-json\/wp\/v2\/types\/post"}],"author":[{"embeddable":true,"href":"https:\/\/www.enteratever.com\/2023\/wp-json\/wp\/v2\/users\/4"}],"replies":[{"embeddable":true,"href":"https:\/\/www.enteratever.com\/2023\/wp-json\/wp\/v2\/comments?post=174103"}],"version-history":[{"count":0,"href":"https:\/\/www.enteratever.com\/2023\/wp-json\/wp\/v2\/posts\/174103\/revisions"}],"wp:featuredmedia":[{"embeddable":true,"href":"https:\/\/www.enteratever.com\/2023\/wp-json\/wp\/v2\/media\/174104"}],"wp:attachment":[{"href":"https:\/\/www.enteratever.com\/2023\/wp-json\/wp\/v2\/media?parent=174103"}],"wp:term":[{"taxonomy":"category","embeddable":true,"href":"https:\/\/www.enteratever.com\/2023\/wp-json\/wp\/v2\/categories?post=174103"},{"taxonomy":"post_tag","embeddable":true,"href":"https:\/\/www.enteratever.com\/2023\/wp-json\/wp\/v2\/tags?post=174103"}],"curies":[{"name":"wp","href":"https:\/\/api.w.org\/{rel}","templated":true}]}}