{"id":174101,"date":"2021-07-05T17:22:43","date_gmt":"2021-07-05T17:22:43","guid":{"rendered":"https:\/\/www.enteratever.com\/2023\/comienza-la-aplicacion-de-la-vacunas-de-40-a-49-anos-en-poza-rica\/"},"modified":"2021-07-05T17:22:43","modified_gmt":"2021-07-05T17:22:43","slug":"comienza-la-aplicacion-de-la-vacunas-de-40-a-49-anos-en-poza-rica","status":"publish","type":"post","link":"https:\/\/www.enteratever.com\/2023\/2021\/07\/05\/comienza-la-aplicacion-de-la-vacunas-de-40-a-49-anos-en-poza-rica\/","title":{"rendered":"Comienza la aplicaci\u00f3n de la vacunas de 40 a 49 a\u00f1os en Poza Rica"},"content":{"rendered":"<p>Visitas: 0<\/p>\n<p class=\"wp-block-paragraph\">C\u00f3mo parte de la jornada de vacunaci\u00f3n, la ma\u00f1ana de este lunes cinco de julio se comenz\u00f3 con la aplicaci\u00f3n de la primera dosis para las personas del rango de edad de 40 a 49 a\u00f1os de los municipios de Poza Rica, Coatzintla y Tihuatl\u00e1n, por lo que las personas que fueron notificados desde temprana hora llegaron a la plaza c\u00edvica 18 de marzo, lugar donde fueron vacunados.<\/p>\n\n\n\n<p class=\"wp-block-paragraph\">Se espera que en esta ocasi\u00f3n est\u00e9n recibiendo la vacuna un total 50 mil personas, as\u00ed lo dio a conocer Emilio Olvera Andrade, Delegado Regional de Programas Sociales del Bienestar, qui\u00e9n se\u00f1al\u00f3 que hasta el momento no se ha presentado problema alguno, pues el mecanismo implementado han logrado evitar las largas filas que en otros lados se han dado.<\/p>\n\n\n\n<p class=\"wp-block-paragraph\">Se espera que en este primer d\u00eda se espera aplicar un promedio de entre ocho y 10 mil vacunas, por lo que los servidores de la naci\u00f3n siguen notitifacando a la ciudadan\u00eda para asignarles una hora y el d\u00eda en el que deber\u00e1n de acudir a la plaza c\u00edvica, pidi\u00f3 que sean pacientes pues est\u00e1n habl\u00e1ndoles a las personas de los tres municipios.<\/p>\n\n\n\n<p class=\"wp-block-paragraph\">En caso de que no reciba su llamada ponen a disposici\u00f3n el n\u00famero telef\u00f3nico 7827770081, en donde pueden llamar y un servidor de la naci\u00f3n le estar\u00e1 dando una fecha y en caso de que no puedan llamar pueden acudir a las instalaciones de la plaza c\u00edvica para que se les pueda aplicar la vacuna, pero recomienda el llamar esto a fin de evitar aglomeraciones de personas.<\/p>\n\n\n\n<p class=\"wp-block-paragraph\">El delegado manifest\u00f3 que es lamentable ver c\u00f3mo hay personas que no se han dado cuenta que est\u00e9 es otro tipo de gobierno y solo por ser servidor p\u00fablico se les dar\u00e1 un trato diferente, por lo que destac\u00f3 que no se estar\u00e1n aceptando influyent\u00edsimo, ya que en la ma\u00f1ana una persona de fiscal\u00eda lleg\u00f3 y se quer\u00eda brincar todo el proceso, por lo que las personas sin importar su cargo deber\u00e1n de esperar su turno.<\/p>\n\n\n\n<p class=\"wp-block-paragraph\">Por \u00faltimo pidi\u00f3 a la poblaci\u00f3n que respete el horario que se les asign\u00f3, esto para evitar filas en la plaza c\u00edvica, al igual que les tengan un poco de paciencia a todos se les estar\u00e1 notificando que d\u00eda y a que hora se les estar\u00e1 aplicando la vacuna.<\/p>\n\n\n\n<figure class=\"wp-block-gallery columns-1 wp-block-gallery-1 is-layout-flex wp-block-gallery-is-layout-flex\"><ul class=\"blocks-gallery-grid\"><li class=\"blocks-gallery-item\"><figure><img decoding=\"async\" src=\"https:\/\/www.enteratever.com\/2020\/wp-content\/uploads\/2021\/07\/40-49-Vacuna-Covid-Poza-Rica.jpeg\" alt=\"\" data-id=\"49914\" data-full-url=\"https:\/\/www.enteratever.com\/2020\/wp-content\/uploads\/2021\/07\/40-49-Vacuna-Covid-Poza-Rica.jpeg\" data-link=\"https:\/\/www.enteratever.com\/?attachment_id=49914\" class=\"wp-image-49914\"\/><\/figure><\/li><li class=\"blocks-gallery-item\"><figure><img decoding=\"async\" src=\"https:\/\/www.enteratever.com\/2020\/wp-content\/uploads\/2021\/07\/40-49-Vacuna-Covid-Poza-Rica-1.jpeg\" alt=\"\" data-id=\"49915\" data-full-url=\"https:\/\/www.enteratever.com\/2020\/wp-content\/uploads\/2021\/07\/40-49-Vacuna-Covid-Poza-Rica-1.jpeg\" data-link=\"https:\/\/www.enteratever.com\/?attachment_id=49915\" class=\"wp-image-49915\"\/><\/figure><\/li><li class=\"blocks-gallery-item\"><figure><img decoding=\"async\" src=\"https:\/\/www.enteratever.com\/2020\/wp-content\/uploads\/2021\/07\/40-49-Vacuna-Covid-Poza-Rica-2.jpeg\" alt=\"\" data-id=\"49916\" data-full-url=\"https:\/\/www.enteratever.com\/2020\/wp-content\/uploads\/2021\/07\/40-49-Vacuna-Covid-Poza-Rica-2.jpeg\" data-link=\"https:\/\/www.enteratever.com\/?attachment_id=49916\" class=\"wp-image-49916\"\/><\/figure><\/li><li class=\"blocks-gallery-item\"><figure><img decoding=\"async\" src=\"https:\/\/www.enteratever.com\/2020\/wp-content\/uploads\/2021\/07\/40-49-Vacuna-Covid-Poza-Rica-3.jpeg\" alt=\"\" data-id=\"49917\" data-full-url=\"https:\/\/www.enteratever.com\/2020\/wp-content\/uploads\/2021\/07\/40-49-Vacuna-Covid-Poza-Rica-3.jpeg\" data-link=\"https:\/\/www.enteratever.com\/?attachment_id=49917\" class=\"wp-image-49917\"\/><\/figure><\/li><li class=\"blocks-gallery-item\"><figure><img decoding=\"async\" src=\"https:\/\/www.enteratever.com\/2020\/wp-content\/uploads\/2021\/07\/40-49-Vacuna-Covid-Poza-Rica-4.jpeg\" alt=\"\" data-id=\"49918\" data-full-url=\"https:\/\/www.enteratever.com\/2020\/wp-content\/uploads\/2021\/07\/40-49-Vacuna-Covid-Poza-Rica-4.jpeg\" data-link=\"https:\/\/www.enteratever.com\/?attachment_id=49918\" class=\"wp-image-49918\"\/><\/figure><\/li><li class=\"blocks-gallery-item\"><figure><img decoding=\"async\" src=\"https:\/\/www.enteratever.com\/2020\/wp-content\/uploads\/2021\/07\/40-49-Vacuna-Covid-Poza-Rica-5.jpeg\" alt=\"\" data-id=\"49919\" data-full-url=\"https:\/\/www.enteratever.com\/2020\/wp-content\/uploads\/2021\/07\/40-49-Vacuna-Covid-Poza-Rica-5.jpeg\" data-link=\"https:\/\/www.enteratever.com\/?attachment_id=49919\" class=\"wp-image-49919\"\/><\/figure><\/li><li class=\"blocks-gallery-item\"><figure><img decoding=\"async\" src=\"https:\/\/www.enteratever.com\/2020\/wp-content\/uploads\/2021\/07\/40-49-Vacuna-Covid-Poza-Rica-6.jpeg\" alt=\"\" data-id=\"49920\" data-full-url=\"https:\/\/www.enteratever.com\/2020\/wp-content\/uploads\/2021\/07\/40-49-Vacuna-Covid-Poza-Rica-6.jpeg\" data-link=\"https:\/\/www.enteratever.com\/?attachment_id=49920\" class=\"wp-image-49920\"\/><\/figure><\/li><li class=\"blocks-gallery-item\"><figure><img decoding=\"async\" src=\"https:\/\/www.enteratever.com\/2020\/wp-content\/uploads\/2021\/07\/emilio-olvera-1.jpeg\" alt=\"\" data-id=\"49921\" data-full-url=\"https:\/\/www.enteratever.com\/2020\/wp-content\/uploads\/2021\/07\/emilio-olvera-1.jpeg\" data-link=\"https:\/\/www.enteratever.com\/?attachment_id=49921\" class=\"wp-image-49921\"\/><\/figure><\/li><\/ul><\/figure>\n","protected":false},"excerpt":{"rendered":"<p>Visitas: 0 C\u00f3mo parte de la jornada de vacunaci\u00f3n, la ma\u00f1ana de este lunes cinco de julio se comenz\u00f3 con la aplicaci\u00f3n de la primera dosis para las personas del rango de edad de 40 a 49 a\u00f1os de los municipios de Poza Rica, Coatzintla y Tihuatl\u00e1n, por lo que las personas que fueron notificados [&hellip;]<\/p>\n","protected":false},"author":4,"featured_media":174102,"comment_status":"open","ping_status":"open","sticky":false,"template":"","format":"standard","meta":{"footnotes":""},"categories":[213],"tags":[],"class_list":["post-174101","post","type-post","status-publish","format-standard","has-post-thumbnail","category-poza-rica"],"nelio_content":{"isAutoShareEnabled":true,"autoShareEndMode":"never","automationSources":{"useCustomSentences":false,"customSentences":[]},"followers":[],"suggestedReferences":[],"efiUrl":"","efiAlt":"","highlights":[],"permalinkQueryArgs":[],"series":[]},"_links":{"self":[{"href":"https:\/\/www.enteratever.com\/2023\/wp-json\/wp\/v2\/posts\/174101","targetHints":{"allow":["GET"]}}],"collection":[{"href":"https:\/\/www.enteratever.com\/2023\/wp-json\/wp\/v2\/posts"}],"about":[{"href":"https:\/\/www.enteratever.com\/2023\/wp-json\/wp\/v2\/types\/post"}],"author":[{"embeddable":true,"href":"https:\/\/www.enteratever.com\/2023\/wp-json\/wp\/v2\/users\/4"}],"replies":[{"embeddable":true,"href":"https:\/\/www.enteratever.com\/2023\/wp-json\/wp\/v2\/comments?post=174101"}],"version-history":[{"count":0,"href":"https:\/\/www.enteratever.com\/2023\/wp-json\/wp\/v2\/posts\/174101\/revisions"}],"wp:featuredmedia":[{"embeddable":true,"href":"https:\/\/www.enteratever.com\/2023\/wp-json\/wp\/v2\/media\/174102"}],"wp:attachment":[{"href":"https:\/\/www.enteratever.com\/2023\/wp-json\/wp\/v2\/media?parent=174101"}],"wp:term":[{"taxonomy":"category","embeddable":true,"href":"https:\/\/www.enteratever.com\/2023\/wp-json\/wp\/v2\/categories?post=174101"},{"taxonomy":"post_tag","embeddable":true,"href":"https:\/\/www.enteratever.com\/2023\/wp-json\/wp\/v2\/tags?post=174101"}],"curies":[{"name":"wp","href":"https:\/\/api.w.org\/{rel}","templated":true}]}}