{"id":174095,"date":"2021-07-05T02:38:29","date_gmt":"2021-07-05T02:38:29","guid":{"rendered":"https:\/\/www.enteratever.com\/2023\/poza-rica-regresa-a-naranja\/"},"modified":"2021-07-05T02:38:29","modified_gmt":"2021-07-05T02:38:29","slug":"poza-rica-regresa-a-naranja","status":"publish","type":"post","link":"https:\/\/www.enteratever.com\/2023\/2021\/07\/05\/poza-rica-regresa-a-naranja\/","title":{"rendered":"Poza Rica regresa a naranja"},"content":{"rendered":"<p>Visitas: 0<\/p>\n<p class=\"wp-block-paragraph\">Derivado al incremento de casos de covid-19 en el municipio, autoridades a nivel estatal dieron a conocer que Poza Rica permanecer\u00e1 en color naranja del lunes cinco al domingo 18 de julio, situaci\u00f3n que es alarmante, ya que como se hab\u00eda dado a conocer se aproxima la tercera ola de contagios.<\/p>\n\n\n\n<p class=\"wp-block-paragraph\">Pues a nivel municipal las autoridades bajaron la guardia una vez que se comenz\u00f3 con la aplicaci\u00f3n de la vacuna, pues retiraron los filtros sanitarios del centro de la ciudad y en el ayuntamiento, adem\u00e1s de que la gente tambi\u00e9n dej\u00f3 de portar el cubrebocas y utilizar el gel antibacterial, por lo que ya es com\u00fan ver la gente caminar por el primer cuadro de la ciudad sin cubrebocas.<\/p>\n\n\n\n<p class=\"wp-block-paragraph\">Ante el incremento Gobierno Estatal emiti\u00f3 el Decreto por el que del 5 al 13 de julio tendr\u00e1 lugar, nuevamente, la Semana Estatal Preventiva por COVID-19: No hagas olas, evita la tercera, pues en d\u00edas pasado se dio a conocer que en el municipio los j\u00f3venes son los que encabezan la lista de pacientes internados en los hospitales.<\/p>\n\n\n\n<p class=\"wp-block-paragraph\">El municipio petrolero se encuentra en el cuarto lugar esto de acuerdo al \u00faltimo corte que realiz\u00f3 gobierno del estado, en donde dieron a conocer que en la ciudad hay un total de tres mil 909 caso confirmados, mil 129 casos sospechosos y 665 defunciones, por lo que es necesario reforzar las medidas sanitarias para evitar que siga incrementando los casos.<\/p>\n\n\n\n<p class=\"wp-block-paragraph\">Cabe destacar que mis antros y bares en la ciudad no han cerrado y en d\u00edas pasados se dio a conocer el caso \u00abCotorritos\u00bb en donde el personal contaba con la enfermedad y as\u00ed estuvieron trabajando, adem\u00e1s de que en este tipo de negocios no suelen guardar la sana distancia, por lo que se han pasado por alto lo solicitado por las autoridades de salud.<\/p>\n\n\n\n<p class=\"wp-block-paragraph\">Motivo por el cual autoridades estatales hacen un llamado a la ciudadan\u00eda a evitar acudir a lugares concurridos para as\u00ed no exponerse al contagio, al igual el seguir utilizando cubrebocas, gel antibacterial y guardar la sana distancia.<\/p>\n\n\n\n<figure class=\"wp-block-gallery columns-1 wp-block-gallery-1 is-layout-flex wp-block-gallery-is-layout-flex\"><ul class=\"blocks-gallery-grid\"><li class=\"blocks-gallery-item\"><figure><img decoding=\"async\" src=\"https:\/\/www.enteratever.com\/2020\/wp-content\/uploads\/2021\/07\/2021EV00041.jpeg\" alt=\"\" data-id=\"49833\" data-full-url=\"https:\/\/www.enteratever.com\/2020\/wp-content\/uploads\/2021\/07\/2021EV00041.jpeg\" data-link=\"https:\/\/www.enteratever.com\/?attachment_id=49833\" class=\"wp-image-49833\"\/><\/figure><\/li><li class=\"blocks-gallery-item\"><figure><img decoding=\"async\" src=\"https:\/\/www.enteratever.com\/2020\/wp-content\/uploads\/2021\/07\/2021EV00042.jpeg\" alt=\"\" data-id=\"49834\" data-full-url=\"https:\/\/www.enteratever.com\/2020\/wp-content\/uploads\/2021\/07\/2021EV00042.jpeg\" data-link=\"https:\/\/www.enteratever.com\/?attachment_id=49834\" class=\"wp-image-49834\"\/><\/figure><\/li><li class=\"blocks-gallery-item\"><figure><img decoding=\"async\" src=\"https:\/\/www.enteratever.com\/2020\/wp-content\/uploads\/2021\/07\/2021EV00043.jpeg\" alt=\"\" data-id=\"49835\" data-full-url=\"https:\/\/www.enteratever.com\/2020\/wp-content\/uploads\/2021\/07\/2021EV00043.jpeg\" data-link=\"https:\/\/www.enteratever.com\/?attachment_id=49835\" class=\"wp-image-49835\"\/><\/figure><\/li><li class=\"blocks-gallery-item\"><figure><img decoding=\"async\" src=\"https:\/\/www.enteratever.com\/2020\/wp-content\/uploads\/2021\/07\/2021EV00044.jpeg\" alt=\"\" data-id=\"49836\" data-full-url=\"https:\/\/www.enteratever.com\/2020\/wp-content\/uploads\/2021\/07\/2021EV00044.jpeg\" data-link=\"https:\/\/www.enteratever.com\/?attachment_id=49836\" class=\"wp-image-49836\"\/><\/figure><\/li><\/ul><\/figure>\n","protected":false},"excerpt":{"rendered":"<p>Visitas: 0 Derivado al incremento de casos de covid-19 en el municipio, autoridades a nivel estatal dieron a conocer que Poza Rica permanecer\u00e1 en color naranja del lunes cinco al domingo 18 de julio, situaci\u00f3n que es alarmante, ya que como se hab\u00eda dado a conocer se aproxima la tercera ola de contagios. Pues a [&hellip;]<\/p>\n","protected":false},"author":4,"featured_media":174096,"comment_status":"open","ping_status":"open","sticky":false,"template":"","format":"standard","meta":{"footnotes":""},"categories":[213],"tags":[],"class_list":["post-174095","post","type-post","status-publish","format-standard","has-post-thumbnail","category-poza-rica"],"nelio_content":{"isAutoShareEnabled":true,"autoShareEndMode":"never","automationSources":{"useCustomSentences":false,"customSentences":[]},"followers":[],"suggestedReferences":[],"efiUrl":"","efiAlt":"","highlights":[],"permalinkQueryArgs":[],"series":[]},"_links":{"self":[{"href":"https:\/\/www.enteratever.com\/2023\/wp-json\/wp\/v2\/posts\/174095","targetHints":{"allow":["GET"]}}],"collection":[{"href":"https:\/\/www.enteratever.com\/2023\/wp-json\/wp\/v2\/posts"}],"about":[{"href":"https:\/\/www.enteratever.com\/2023\/wp-json\/wp\/v2\/types\/post"}],"author":[{"embeddable":true,"href":"https:\/\/www.enteratever.com\/2023\/wp-json\/wp\/v2\/users\/4"}],"replies":[{"embeddable":true,"href":"https:\/\/www.enteratever.com\/2023\/wp-json\/wp\/v2\/comments?post=174095"}],"version-history":[{"count":0,"href":"https:\/\/www.enteratever.com\/2023\/wp-json\/wp\/v2\/posts\/174095\/revisions"}],"wp:featuredmedia":[{"embeddable":true,"href":"https:\/\/www.enteratever.com\/2023\/wp-json\/wp\/v2\/media\/174096"}],"wp:attachment":[{"href":"https:\/\/www.enteratever.com\/2023\/wp-json\/wp\/v2\/media?parent=174095"}],"wp:term":[{"taxonomy":"category","embeddable":true,"href":"https:\/\/www.enteratever.com\/2023\/wp-json\/wp\/v2\/categories?post=174095"},{"taxonomy":"post_tag","embeddable":true,"href":"https:\/\/www.enteratever.com\/2023\/wp-json\/wp\/v2\/tags?post=174095"}],"curies":[{"name":"wp","href":"https:\/\/api.w.org\/{rel}","templated":true}]}}