{"id":174093,"date":"2021-07-03T16:00:58","date_gmt":"2021-07-03T16:00:58","guid":{"rendered":"https:\/\/www.enteratever.com\/2023\/sigue-el-cierre-de-negocios-a-falta-de-movimiento-de-recursos-economicos\/"},"modified":"2021-07-03T16:00:58","modified_gmt":"2021-07-03T16:00:58","slug":"sigue-el-cierre-de-negocios-a-falta-de-movimiento-de-recursos-economicos","status":"publish","type":"post","link":"https:\/\/www.enteratever.com\/2023\/2021\/07\/03\/sigue-el-cierre-de-negocios-a-falta-de-movimiento-de-recursos-economicos\/","title":{"rendered":"Sigue el cierre de negocios a falta de movimiento de recursos econ\u00f3micos"},"content":{"rendered":"<p>Visitas: 17<\/p>\n<p class=\"wp-block-paragraph\"><em>\u2022 Poza Rica se despide de la farmacia Calvillo.<\/em><\/p>\n\n\n\n<p class=\"wp-block-paragraph\">Continua el cierre de negocios en el municipio de Poza Rica, pues la crisis que enfrentan comerciantes debido a la pandemia del covid-19 ha generado que cientos de vendedores se vean en la necesidad de cerrar, ya que no pueden con los altos costo de las rentas o porque ha bajado considerablemente las ventas.<\/p>\n\n\n\n<p class=\"wp-block-paragraph\">Ejemplo de ello es la farmacia Calvillo, que, desde la tarde del pasado primer de julio, las instalaciones tuvieron que cerrar, este comercio que por mas de 50 a\u00f1os estuvo ofreciendo diferentes productos tanto a la gente de la ciudad como de los diferentes municipios cercanos a Poza Rica, por lo que no solo cierra un negocio mas sino que sigue incrementando el numero de desempleo.<\/p>\n\n\n\n<p class=\"wp-block-paragraph\">De acuerdo a los comerciantes ambulantes ahora se estar\u00e1 construyendo un Oxxo o una Farmacia Guadalajara, por lo que ellos tambi\u00e9n ser\u00e1n removidos afect\u00e1ndolos, porque se sienten nerviosos de donde ser\u00e1n enviados, ya ten\u00edan sus espacios establecidos, por lo que sus clientes tendr\u00e1n que buscarlos, pues durante muchos a\u00f1os se han colocado a las orillas de lo que fue la farmacia.<\/p>\n\n\n\n<p class=\"wp-block-paragraph\">Los comerciantes se\u00f1alaron que la crisis econ\u00f3mica que se vive en el municipio ha afectado a todos, por que este tipo de negocios establecidos que podr\u00edan asegurar que no ten\u00eda problemas ahora han tomado la decisi\u00f3n de cerrar, esta farmacia no ha sido la \u00fanica, pues en el centro de la ciudad tambi\u00e9n se pueden ver negocios desmantelados.<\/p>\n\n\n\n<p class=\"wp-block-paragraph\">Cabe mencionar que es lamentable ver como comercios que ten\u00edan ya toda una trayectoria tiene que cerrar sus puertas debido a la dif\u00edcil situaci\u00f3n econ\u00f3mica que se vive en la ciudad, pues con la llegada de la pandemia ha venido a acabar con lo poco que quedaba.<\/p>\n\n\n\n<p class=\"wp-block-paragraph\">Es importante mencionar que en d\u00edas pasados el presidente de la C\u00e1mara Nacional de Comercio (Canaco), Francisco Javier L\u00f3pez G\u00f3mez, dio a conocer que estar\u00e1n solicitaron a gobierno del estado implementar estrategias que permitan que exista un mayor movimiento de recursos econ\u00f3micos en la zona norte del estado, para evitar este tipo de situaciones.<\/p>\n\n\n\n<figure class=\"wp-block-gallery columns-1 wp-block-gallery-1 is-layout-flex wp-block-gallery-is-layout-flex\"><ul class=\"blocks-gallery-grid\"><li class=\"blocks-gallery-item\"><figure><img decoding=\"async\" src=\"https:\/\/www.enteratever.com\/2020\/wp-content\/uploads\/2021\/07\/2021EV00038.jpeg\" alt=\"\" data-id=\"49826\" data-full-url=\"https:\/\/www.enteratever.com\/2020\/wp-content\/uploads\/2021\/07\/2021EV00038.jpeg\" data-link=\"https:\/\/www.enteratever.com\/?attachment_id=49826\" class=\"wp-image-49826\"\/><\/figure><\/li><li class=\"blocks-gallery-item\"><figure><img decoding=\"async\" src=\"https:\/\/www.enteratever.com\/2020\/wp-content\/uploads\/2021\/07\/2021EV00037.jpeg\" alt=\"\" data-id=\"49827\" data-full-url=\"https:\/\/www.enteratever.com\/2020\/wp-content\/uploads\/2021\/07\/2021EV00037.jpeg\" data-link=\"https:\/\/www.enteratever.com\/?attachment_id=49827\" class=\"wp-image-49827\"\/><\/figure><\/li><li class=\"blocks-gallery-item\"><figure><img decoding=\"async\" src=\"https:\/\/www.enteratever.com\/2020\/wp-content\/uploads\/2021\/07\/2021EV00036.jpeg\" alt=\"\" data-id=\"49828\" data-full-url=\"https:\/\/www.enteratever.com\/2020\/wp-content\/uploads\/2021\/07\/2021EV00036.jpeg\" data-link=\"https:\/\/www.enteratever.com\/?attachment_id=49828\" class=\"wp-image-49828\"\/><\/figure><\/li><li class=\"blocks-gallery-item\"><figure><img decoding=\"async\" src=\"https:\/\/www.enteratever.com\/2020\/wp-content\/uploads\/2021\/07\/2021EV00035.jpeg\" alt=\"\" data-id=\"49829\" data-full-url=\"https:\/\/www.enteratever.com\/2020\/wp-content\/uploads\/2021\/07\/2021EV00035.jpeg\" data-link=\"https:\/\/www.enteratever.com\/?attachment_id=49829\" class=\"wp-image-49829\"\/><\/figure><\/li><\/ul><\/figure>\n","protected":false},"excerpt":{"rendered":"<p>Visitas: 17 \u2022 Poza Rica se despide de la farmacia Calvillo. Continua el cierre de negocios en el municipio de Poza Rica, pues la crisis que enfrentan comerciantes debido a la pandemia del covid-19 ha generado que cientos de vendedores se vean en la necesidad de cerrar, ya que no pueden con los altos costo [&hellip;]<\/p>\n","protected":false},"author":4,"featured_media":174094,"comment_status":"open","ping_status":"open","sticky":false,"template":"","format":"standard","meta":{"footnotes":""},"categories":[213],"tags":[],"class_list":["post-174093","post","type-post","status-publish","format-standard","has-post-thumbnail","category-poza-rica"],"nelio_content":{"isAutoShareEnabled":true,"autoShareEndMode":"never","automationSources":{"useCustomSentences":false,"customSentences":[]},"followers":[],"suggestedReferences":[],"efiUrl":"","efiAlt":"","highlights":[],"permalinkQueryArgs":[],"series":[]},"_links":{"self":[{"href":"https:\/\/www.enteratever.com\/2023\/wp-json\/wp\/v2\/posts\/174093","targetHints":{"allow":["GET"]}}],"collection":[{"href":"https:\/\/www.enteratever.com\/2023\/wp-json\/wp\/v2\/posts"}],"about":[{"href":"https:\/\/www.enteratever.com\/2023\/wp-json\/wp\/v2\/types\/post"}],"author":[{"embeddable":true,"href":"https:\/\/www.enteratever.com\/2023\/wp-json\/wp\/v2\/users\/4"}],"replies":[{"embeddable":true,"href":"https:\/\/www.enteratever.com\/2023\/wp-json\/wp\/v2\/comments?post=174093"}],"version-history":[{"count":0,"href":"https:\/\/www.enteratever.com\/2023\/wp-json\/wp\/v2\/posts\/174093\/revisions"}],"wp:featuredmedia":[{"embeddable":true,"href":"https:\/\/www.enteratever.com\/2023\/wp-json\/wp\/v2\/media\/174094"}],"wp:attachment":[{"href":"https:\/\/www.enteratever.com\/2023\/wp-json\/wp\/v2\/media?parent=174093"}],"wp:term":[{"taxonomy":"category","embeddable":true,"href":"https:\/\/www.enteratever.com\/2023\/wp-json\/wp\/v2\/categories?post=174093"},{"taxonomy":"post_tag","embeddable":true,"href":"https:\/\/www.enteratever.com\/2023\/wp-json\/wp\/v2\/tags?post=174093"}],"curies":[{"name":"wp","href":"https:\/\/api.w.org\/{rel}","templated":true}]}}