{"id":174091,"date":"2021-07-03T15:49:17","date_gmt":"2021-07-03T15:49:17","guid":{"rendered":"https:\/\/www.enteratever.com\/2023\/del-5-al-9-de-julio-vacunaran-a-ciudadanos-de-40-a-49-anos\/"},"modified":"2021-07-03T15:49:17","modified_gmt":"2021-07-03T15:49:17","slug":"del-5-al-9-de-julio-vacunaran-a-ciudadanos-de-40-a-49-anos","status":"publish","type":"post","link":"https:\/\/www.enteratever.com\/2023\/2021\/07\/03\/del-5-al-9-de-julio-vacunaran-a-ciudadanos-de-40-a-49-anos\/","title":{"rendered":"Del 5 al 9 de julio vacunaran a ciudadanos de 40 a 49 a\u00f1os"},"content":{"rendered":"<p>Visitas: 0<\/p>\n<p class=\"wp-block-paragraph\">Para continuar con el plan de vacunaci\u00f3n el delegado regional de Programas Sociales del Bienestar, Emilio Olvera Andrade dio a conocer las fechas en las que se estar\u00e1n vacunando a las personas de 40 a 49 a\u00f1os de edad, los cuales est\u00e1n siendo avisados para que acudan al punto donde estar\u00e1n recibiendo la primera dosis.<\/p>\n\n\n\n<p class=\"wp-block-paragraph\">La aplicaci\u00f3n de la vacuna ser\u00e1 del lunes cinco al viernes nueve de julio, en las instalaciones de la Plaza C\u00edvica 18 de marzo, por lo que los ciudadanos tanto de Coatzintla, Poza Rica y Tihuatl\u00e1n deber\u00e1n de acudir de acuerdo a la fecha que se les ha asignado, esto para evitar largas filas mientras esperan recibir la vacuna que en jornadas pasadas no se han hecho.<\/p>\n\n\n\n<p class=\"wp-block-paragraph\">Los lugares quedaron asignados de la siguiente forma: lunes de la \u201cA\u201d a la \u201cE\u201d, martes de la \u201cF\u201d a la \u201cJ\u201d; mi\u00e9rcoles de la \u201cK\u201d a la \u201cO\u201d, jueves de la \u201cP\u201d a la \u201cT\u201d y viernes de la \u201cU\u201d a la \u201cZ\u201d, \u00b4por lo que de no contar con cita podr\u00e1n llamar al n\u00famero telef\u00f3nico 7827770081, en donde ser\u00e1n atendidos por un servidor de la naci\u00f3n y se les asignar\u00e1 una fecha y un horario.<\/p>\n\n\n\n<p class=\"wp-block-paragraph\">Olvera Andrade dijo que las personas que por alg\u00fan motivo no recibieron la primera dosis esta ser\u00e1 la oportunidad que tendr\u00e1n, por lo que deber\u00e1n llevar su credencial de elector para comprobar que pertenecen a los municipios antes mencionados, esto para evitar que personas de otras partes se traten de vacunar.<\/p>\n\n\n\n<p class=\"wp-block-paragraph\">Mencion\u00f3 que de no tener una cita podr\u00e1n acudir al modulo en donde se les estar\u00e1 asignando una y se les estar\u00e1 permitiendo el acceso de manera inmediata, destac\u00f3 que durante las pasadas jornadas de vacunaci\u00f3n no se registraron problemas algunos, por lo que espera que en esta ocasi\u00f3n sea igual.<\/p>\n\n\n\n<figure class=\"wp-block-gallery columns-1 wp-block-gallery-1 is-layout-flex wp-block-gallery-is-layout-flex\"><ul class=\"blocks-gallery-grid\"><li class=\"blocks-gallery-item\"><figure><img decoding=\"async\" src=\"https:\/\/www.enteratever.com\/2020\/wp-content\/uploads\/2021\/07\/2021EV00034.jpeg\" alt=\"\" data-id=\"49821\" data-full-url=\"https:\/\/www.enteratever.com\/2020\/wp-content\/uploads\/2021\/07\/2021EV00034.jpeg\" data-link=\"https:\/\/www.enteratever.com\/?attachment_id=49821\" class=\"wp-image-49821\"\/><\/figure><\/li><li class=\"blocks-gallery-item\"><figure><img decoding=\"async\" src=\"https:\/\/www.enteratever.com\/2020\/wp-content\/uploads\/2021\/07\/2021EV00033.jpeg\" alt=\"\" data-id=\"49822\" data-full-url=\"https:\/\/www.enteratever.com\/2020\/wp-content\/uploads\/2021\/07\/2021EV00033.jpeg\" data-link=\"https:\/\/www.enteratever.com\/?attachment_id=49822\" class=\"wp-image-49822\"\/><\/figure><\/li><li class=\"blocks-gallery-item\"><figure><img decoding=\"async\" src=\"https:\/\/www.enteratever.com\/2020\/wp-content\/uploads\/2021\/07\/2021EV00032.jpeg\" alt=\"\" data-id=\"49823\" data-full-url=\"https:\/\/www.enteratever.com\/2020\/wp-content\/uploads\/2021\/07\/2021EV00032.jpeg\" data-link=\"https:\/\/www.enteratever.com\/?attachment_id=49823\" class=\"wp-image-49823\"\/><\/figure><\/li><\/ul><\/figure>\n","protected":false},"excerpt":{"rendered":"<p>Visitas: 0 Para continuar con el plan de vacunaci\u00f3n el delegado regional de Programas Sociales del Bienestar, Emilio Olvera Andrade dio a conocer las fechas en las que se estar\u00e1n vacunando a las personas de 40 a 49 a\u00f1os de edad, los cuales est\u00e1n siendo avisados para que acudan al punto donde estar\u00e1n recibiendo la [&hellip;]<\/p>\n","protected":false},"author":4,"featured_media":174092,"comment_status":"open","ping_status":"open","sticky":false,"template":"","format":"standard","meta":{"footnotes":""},"categories":[213],"tags":[],"class_list":["post-174091","post","type-post","status-publish","format-standard","has-post-thumbnail","category-poza-rica"],"nelio_content":{"isAutoShareEnabled":true,"autoShareEndMode":"never","automationSources":{"useCustomSentences":false,"customSentences":[]},"followers":[],"suggestedReferences":[],"efiUrl":"","efiAlt":"","highlights":[],"permalinkQueryArgs":[],"series":[]},"_links":{"self":[{"href":"https:\/\/www.enteratever.com\/2023\/wp-json\/wp\/v2\/posts\/174091","targetHints":{"allow":["GET"]}}],"collection":[{"href":"https:\/\/www.enteratever.com\/2023\/wp-json\/wp\/v2\/posts"}],"about":[{"href":"https:\/\/www.enteratever.com\/2023\/wp-json\/wp\/v2\/types\/post"}],"author":[{"embeddable":true,"href":"https:\/\/www.enteratever.com\/2023\/wp-json\/wp\/v2\/users\/4"}],"replies":[{"embeddable":true,"href":"https:\/\/www.enteratever.com\/2023\/wp-json\/wp\/v2\/comments?post=174091"}],"version-history":[{"count":0,"href":"https:\/\/www.enteratever.com\/2023\/wp-json\/wp\/v2\/posts\/174091\/revisions"}],"wp:featuredmedia":[{"embeddable":true,"href":"https:\/\/www.enteratever.com\/2023\/wp-json\/wp\/v2\/media\/174092"}],"wp:attachment":[{"href":"https:\/\/www.enteratever.com\/2023\/wp-json\/wp\/v2\/media?parent=174091"}],"wp:term":[{"taxonomy":"category","embeddable":true,"href":"https:\/\/www.enteratever.com\/2023\/wp-json\/wp\/v2\/categories?post=174091"},{"taxonomy":"post_tag","embeddable":true,"href":"https:\/\/www.enteratever.com\/2023\/wp-json\/wp\/v2\/tags?post=174091"}],"curies":[{"name":"wp","href":"https:\/\/api.w.org\/{rel}","templated":true}]}}