{"id":174081,"date":"2021-07-02T02:57:49","date_gmt":"2021-07-02T02:57:49","guid":{"rendered":"https:\/\/www.enteratever.com\/2023\/alcalde-no-respeta-protocolos-sanitarios-durante-la-visita-del-embajador-del-panama\/"},"modified":"2021-07-02T02:57:49","modified_gmt":"2021-07-02T02:57:49","slug":"alcalde-no-respeta-protocolos-sanitarios-durante-la-visita-del-embajador-del-panama","status":"publish","type":"post","link":"https:\/\/www.enteratever.com\/2023\/2021\/07\/02\/alcalde-no-respeta-protocolos-sanitarios-durante-la-visita-del-embajador-del-panama\/","title":{"rendered":"Alcalde no respeta protocolos sanitarios durante la visita del embajador de Panam\u00e1"},"content":{"rendered":"<p>Visitas: 4<\/p>\n<p class=\"wp-block-paragraph\">A pesar del incremento considerable de casos de covid-19 en la ciudad autoridades municipales realizan todo un show ante la visita del embajador de Panam\u00e1, pues tanto al alcalde como a los regidores que acudieron al evento les vali\u00f3 la sana distancia y las medidas sanitarias que tanto han solicitado a la ciudadan\u00eda que las respeten.<\/p>\n\n\n\n<p class=\"wp-block-paragraph\">Durante una sesi\u00f3n de fotos en la cual contrataron a un foto estudio profesional, a pesar de contar con el personal y de la empresa Mark, los funcionarios p\u00fablicos posaron sin cubrebocas y sin guardar la sana distancia, por lo que quedaron expuestos a contagio, pues en ning\u00fan momento a los funcionarios se les hizo una prueba covid para comprobar que no estuvieran enfermos.<\/p>\n\n\n\n<p class=\"wp-block-paragraph\">Utilizaron las instalaciones del palacio municipal para tomarse la fotograf\u00eda, en el lugar se encontraban mas de 30 personas que a pesar de que utilizaron la terraza del ayuntamiento es un lugar abierto, espacio en donde se tomaron la foto, tambi\u00e9n estuvieron en el auditorio Rafael Hern\u00e1ndez Ochoa, en donde los funcionarios tambi\u00e9n se estuvieron fotografiando con el embajador.<\/p>\n\n\n\n<p class=\"wp-block-paragraph\">Cabe destacar que en d\u00edas pasados durante la presentaci\u00f3n del reciclat\u00f3n el alcalde Francisco Javier Vel\u00e1zquez Vallejo se encontraba enfermo de la garganta, motivo por la cual prefiero no hablar y ahora se expone el a pesar de su avanzada edad, al embajador y a los regidores que acudieron a dicho evento, a dem\u00e1s de que por el incremento de casos cancelaron el macro simulacro, pero este evento decidieron realizarlo.<\/p>\n\n\n\n<p class=\"wp-block-paragraph\">Situaci\u00f3n que deja en claro la doble moral del alcalde, pues tanto llama a la ciudadan\u00eda a respetar las medidas sanitarias y en menos de una hora el hace todo lo que est\u00e1 prohibido, lo malo que luego culpa a la ciudadan\u00eda de que no se cuida y que por eso incrementan los casos, cuando es el mismo el que tambi\u00e9n esta incitando a que no se respeten.<\/p>\n\n\n\n<figure class=\"wp-block-gallery columns-1 wp-block-gallery-1 is-layout-flex wp-block-gallery-is-layout-flex\"><ul class=\"blocks-gallery-grid\"><li class=\"blocks-gallery-item\"><figure><img decoding=\"async\" src=\"https:\/\/www.enteratever.com\/2020\/wp-content\/uploads\/2021\/07\/2021EV00017.jpeg\" alt=\"\" data-id=\"49697\" data-full-url=\"https:\/\/www.enteratever.com\/2020\/wp-content\/uploads\/2021\/07\/2021EV00017.jpeg\" data-link=\"https:\/\/www.enteratever.com\/?attachment_id=49697\" class=\"wp-image-49697\"\/><\/figure><\/li><li class=\"blocks-gallery-item\"><figure><img decoding=\"async\" src=\"https:\/\/www.enteratever.com\/2020\/wp-content\/uploads\/2021\/07\/2021EV00018.jpeg\" alt=\"\" data-id=\"49698\" data-full-url=\"https:\/\/www.enteratever.com\/2020\/wp-content\/uploads\/2021\/07\/2021EV00018.jpeg\" data-link=\"https:\/\/www.enteratever.com\/?attachment_id=49698\" class=\"wp-image-49698\"\/><\/figure><\/li><li class=\"blocks-gallery-item\"><figure><img decoding=\"async\" src=\"https:\/\/www.enteratever.com\/2020\/wp-content\/uploads\/2021\/07\/2021EV00016.jpeg\" alt=\"\" data-id=\"49699\" data-full-url=\"https:\/\/www.enteratever.com\/2020\/wp-content\/uploads\/2021\/07\/2021EV00016.jpeg\" data-link=\"https:\/\/www.enteratever.com\/?attachment_id=49699\" class=\"wp-image-49699\"\/><\/figure><\/li><\/ul><\/figure>\n","protected":false},"excerpt":{"rendered":"<p>Visitas: 4 A pesar del incremento considerable de casos de covid-19 en la ciudad autoridades municipales realizan todo un show ante la visita del embajador de Panam\u00e1, pues tanto al alcalde como a los regidores que acudieron al evento les vali\u00f3 la sana distancia y las medidas sanitarias que tanto han solicitado a la ciudadan\u00eda [&hellip;]<\/p>\n","protected":false},"author":4,"featured_media":174082,"comment_status":"open","ping_status":"open","sticky":false,"template":"","format":"standard","meta":{"footnotes":""},"categories":[213],"tags":[],"class_list":["post-174081","post","type-post","status-publish","format-standard","has-post-thumbnail","category-poza-rica"],"nelio_content":{"isAutoShareEnabled":true,"autoShareEndMode":"never","automationSources":{"useCustomSentences":false,"customSentences":[]},"followers":[],"suggestedReferences":[],"efiUrl":"","efiAlt":"","highlights":[],"permalinkQueryArgs":[],"series":[]},"_links":{"self":[{"href":"https:\/\/www.enteratever.com\/2023\/wp-json\/wp\/v2\/posts\/174081","targetHints":{"allow":["GET"]}}],"collection":[{"href":"https:\/\/www.enteratever.com\/2023\/wp-json\/wp\/v2\/posts"}],"about":[{"href":"https:\/\/www.enteratever.com\/2023\/wp-json\/wp\/v2\/types\/post"}],"author":[{"embeddable":true,"href":"https:\/\/www.enteratever.com\/2023\/wp-json\/wp\/v2\/users\/4"}],"replies":[{"embeddable":true,"href":"https:\/\/www.enteratever.com\/2023\/wp-json\/wp\/v2\/comments?post=174081"}],"version-history":[{"count":0,"href":"https:\/\/www.enteratever.com\/2023\/wp-json\/wp\/v2\/posts\/174081\/revisions"}],"wp:featuredmedia":[{"embeddable":true,"href":"https:\/\/www.enteratever.com\/2023\/wp-json\/wp\/v2\/media\/174082"}],"wp:attachment":[{"href":"https:\/\/www.enteratever.com\/2023\/wp-json\/wp\/v2\/media?parent=174081"}],"wp:term":[{"taxonomy":"category","embeddable":true,"href":"https:\/\/www.enteratever.com\/2023\/wp-json\/wp\/v2\/categories?post=174081"},{"taxonomy":"post_tag","embeddable":true,"href":"https:\/\/www.enteratever.com\/2023\/wp-json\/wp\/v2\/tags?post=174081"}],"curies":[{"name":"wp","href":"https:\/\/api.w.org\/{rel}","templated":true}]}}