{"id":174073,"date":"2021-06-30T19:00:00","date_gmt":"2021-06-30T19:00:00","guid":{"rendered":"https:\/\/www.enteratever.com\/2023\/exigen-la-aparicion-de-menor-secuestrado\/"},"modified":"2021-06-30T19:00:00","modified_gmt":"2021-06-30T19:00:00","slug":"exigen-la-aparicion-de-menor-secuestrado","status":"publish","type":"post","link":"https:\/\/www.enteratever.com\/2023\/2021\/06\/30\/exigen-la-aparicion-de-menor-secuestrado\/","title":{"rendered":"Exigen la aparici\u00f3n de menor  secuestrado"},"content":{"rendered":"<p>Visitas: 0<\/p>\n<p class=\"wp-block-paragraph\">A un a\u00f1o del secuestro del menor Arcadio Lucas Gregorio familiares y colectivos de b\u00fasqueda, reprobaron el retraso i justificado por parte de la Fiscal\u00eda General del Estado (FGE) para devolver con vida al menor y denunciaron a las autoridades del Estado ya que han sido omisas y negligentes en investigar y dar a conocer el paradero del menor.<\/p>\n\n\n\n<p class=\"wp-block-paragraph\">A trav\u00e9s de un comunicado la Red Unidos por los Derechos Humanos dieron a conocer que exactamente se est\u00e1 cumpliendo un a\u00f1o de que el menor fue sustra\u00eddo con violencia, los familiares reconocieron plenamente a los perpetradores, se\u00f1alaron que acudieron con las autoridades para recibir accesoria y atenci\u00f3n urgente, pagaron el rescate que se les pidi\u00f3 pero no les regresaron al menor.<\/p>\n\n\n\n<p class=\"wp-block-paragraph\">Destacan que hace aproximadamente un mes detuvieron a dos de los presuntos que fueron operadores que fueron puestos en libertad por el entonces juez de Jalacingo hoy inhabilitado por el poder judicial, por lo que pesar de las acciones de b\u00fasqueda por parte de la familia y autoridades no han podido dar con el paradero del menor.<\/p>\n\n\n\n<p class=\"wp-block-paragraph\">Exigen que se agoten todas las diligencia de informaci\u00f3n y acciones de b\u00fasqueda para localizarlo, al igual realizar una b\u00fasqueda diferenciada y urgente respecto al principio de enfoque diferencial que te ha en cuenta la situaci\u00f3n extrema vulnerabilidad y el inter\u00e9s del menor establecidos en los principios de rectores para la b\u00fasqueda de personas desparecidas emitidos por el comit\u00e9 de la ONU en contra de la desaparici\u00f3n forzada.<\/p>\n\n\n\n<p class=\"wp-block-paragraph\">Denunciaron que la Regi\u00f3n de Atzalan, Tlapacoyan Mart\u00ednez de la Torre vive un clima de violencia extrema que lacera no \u00fanicamente a la familia del menor Arcadio Lucas, sino a decenas de familias y comunidades que ante \u00abla ausencia o complicidad de las autoridades del Estado lamentan en silencio los asaltos, extorsiones, levantones, cobros de cuotas de piso, el reclutamiento de las (os) j\u00f3venes, desapariciones y secuestros.<\/p>\n\n\n\n<p class=\"wp-block-paragraph\">Exigen al gobierno del Estado de Veracruz, Cuitl\u00e1huac Garc\u00eda Jim\u00e9nez que cumpla su compromiso de priorizar la atenci\u00f3n a las familias de desaparecidos y vigile el cumplimiento de la responsabilidad de las autoridades encargadas de la investigaci\u00f3n y b\u00fasqueda de personas desaparecidas.<\/p>\n","protected":false},"excerpt":{"rendered":"<p>Visitas: 0 A un a\u00f1o del secuestro del menor Arcadio Lucas Gregorio familiares y colectivos de b\u00fasqueda, reprobaron el retraso i justificado por parte de la Fiscal\u00eda General del Estado (FGE) para devolver con vida al menor y denunciaron a las autoridades del Estado ya que han sido omisas y negligentes en investigar y dar [&hellip;]<\/p>\n","protected":false},"author":4,"featured_media":174074,"comment_status":"open","ping_status":"open","sticky":false,"template":"","format":"standard","meta":{"footnotes":""},"categories":[213],"tags":[],"class_list":["post-174073","post","type-post","status-publish","format-standard","has-post-thumbnail","category-poza-rica"],"nelio_content":{"isAutoShareEnabled":true,"autoShareEndMode":"never","automationSources":{"useCustomSentences":false,"customSentences":[]},"followers":[],"suggestedReferences":[],"efiUrl":"","efiAlt":"","highlights":[],"permalinkQueryArgs":[],"series":[]},"_links":{"self":[{"href":"https:\/\/www.enteratever.com\/2023\/wp-json\/wp\/v2\/posts\/174073","targetHints":{"allow":["GET"]}}],"collection":[{"href":"https:\/\/www.enteratever.com\/2023\/wp-json\/wp\/v2\/posts"}],"about":[{"href":"https:\/\/www.enteratever.com\/2023\/wp-json\/wp\/v2\/types\/post"}],"author":[{"embeddable":true,"href":"https:\/\/www.enteratever.com\/2023\/wp-json\/wp\/v2\/users\/4"}],"replies":[{"embeddable":true,"href":"https:\/\/www.enteratever.com\/2023\/wp-json\/wp\/v2\/comments?post=174073"}],"version-history":[{"count":0,"href":"https:\/\/www.enteratever.com\/2023\/wp-json\/wp\/v2\/posts\/174073\/revisions"}],"wp:featuredmedia":[{"embeddable":true,"href":"https:\/\/www.enteratever.com\/2023\/wp-json\/wp\/v2\/media\/174074"}],"wp:attachment":[{"href":"https:\/\/www.enteratever.com\/2023\/wp-json\/wp\/v2\/media?parent=174073"}],"wp:term":[{"taxonomy":"category","embeddable":true,"href":"https:\/\/www.enteratever.com\/2023\/wp-json\/wp\/v2\/categories?post=174073"},{"taxonomy":"post_tag","embeddable":true,"href":"https:\/\/www.enteratever.com\/2023\/wp-json\/wp\/v2\/tags?post=174073"}],"curies":[{"name":"wp","href":"https:\/\/api.w.org\/{rel}","templated":true}]}}