{"id":174059,"date":"2021-06-28T22:03:35","date_gmt":"2021-06-28T22:03:35","guid":{"rendered":"https:\/\/www.enteratever.com\/2023\/padres-de-familia-exhortan-a-la-sociedad-a-aceptar-a-las-personas-de-la-comunidad-lgbt\/"},"modified":"2021-06-28T22:03:35","modified_gmt":"2021-06-28T22:03:35","slug":"padres-de-familia-exhortan-a-la-sociedad-a-aceptar-a-las-personas-de-la-comunidad-lgbt","status":"publish","type":"post","link":"https:\/\/www.enteratever.com\/2023\/2021\/06\/28\/padres-de-familia-exhortan-a-la-sociedad-a-aceptar-a-las-personas-de-la-comunidad-lgbt\/","title":{"rendered":"Padres de familia exhortan a la sociedad a aceptar a las personas de la comunidad LGBT"},"content":{"rendered":"<p>Visitas: 0<\/p>\n<p class=\"wp-block-paragraph\">Cada vez son m\u00e1s los padres de familia que aceptan a sus hijos que tienen diferentes preferencias sexuales, por lo que han decidido apoyarlos y enfrentar las problem\u00e1ticas sociales, culturales y religiosos, de acuerdo con la se\u00f1ora Leticia tiene una hija que pertenece a la comunidad LGBT.<\/p>\n\n\n\n<p class=\"wp-block-paragraph\">En entrevista la madre de familia dijo que han tenido que afrentar a la discriminaci\u00f3n que su hija ha tenido que vivir por parte de alguna parte de su familia y de la sociedad, quienes siguen teniendo estigmas equivocados de lo que es una persona que pertenece a la comunidad, ya que por muchos a\u00f1os han sido bloqueados en varios aspectos.<\/p>\n\n\n\n<p class=\"wp-block-paragraph\">La se\u00f1ora Leticia dijo que ella siempre estar\u00e1 apoyando la decisi\u00f3n de su hija y prueba de eso fue que junto a su esposo la acompa\u00f1o a la marcha del orgullo que se estuvo realizando en la ciudad durante este fin de semana, en donde dieron a conocer que las personas que pertenecen a la comunidad, son personas que muy buenas y que siempre est\u00e1n cuidando de los dem\u00e1s, pues han tenido que enfrentarse a muchos problemas por sus preferencias sexuales.<\/p>\n\n\n\n<p class=\"wp-block-paragraph\">Invit\u00f3 a los padres que cuentan con hijos que forman parte de la comunidad los acepten, pues ellos no es que hayan elegido ser homosexuales, lesbianas, bisexuales y dem\u00e1s, sino ya nacieron con sus preferencias sexuales, adem\u00e1s de que es una oportunidad que tienen para tener m\u00e1s acercamiento con sus hijos y apoyarlos y no dejarlos solos, en un pa\u00eds en donde existe tanta violencia.<\/p>\n\n\n\n<p class=\"wp-block-paragraph\">Cabe destacar que en esta primer marcha fueron varios padres de familia que participaron con sus hijos, los cuales dijeron que apoyen a sus hijos, que son personas buenas y que siempre se preocupan por los dem\u00e1s, por lo que esperan que cada vez sean m\u00e1s las familias que acepten a sus familiares para que haya una sociedad m\u00e1s inclusiva.<\/p>\n\n\n\n<figure class=\"wp-block-gallery columns-1 wp-block-gallery-1 is-layout-flex wp-block-gallery-is-layout-flex\"><ul class=\"blocks-gallery-grid\"><li class=\"blocks-gallery-item\"><figure><img decoding=\"async\" src=\"https:\/\/www.enteratever.com\/2020\/wp-content\/uploads\/2021\/06\/2021EV0859-1024x1024.jpeg\" alt=\"\" data-id=\"49356\" data-full-url=\"https:\/\/www.enteratever.com\/2020\/wp-content\/uploads\/2021\/06\/2021EV0859.jpeg\" data-link=\"https:\/\/www.enteratever.com\/?attachment_id=49356\" class=\"wp-image-49356\"\/><\/figure><\/li><li class=\"blocks-gallery-item\"><figure><img decoding=\"async\" src=\"https:\/\/www.enteratever.com\/2020\/wp-content\/uploads\/2021\/06\/2021EV0860-1024x1024.jpeg\" alt=\"\" data-id=\"49357\" data-full-url=\"https:\/\/www.enteratever.com\/2020\/wp-content\/uploads\/2021\/06\/2021EV0860.jpeg\" data-link=\"https:\/\/www.enteratever.com\/?attachment_id=49357\" class=\"wp-image-49357\"\/><\/figure><\/li><li class=\"blocks-gallery-item\"><figure><img decoding=\"async\" src=\"https:\/\/www.enteratever.com\/2020\/wp-content\/uploads\/2021\/06\/2021EV0861-1024x768.jpeg\" alt=\"\" data-id=\"49358\" data-full-url=\"https:\/\/www.enteratever.com\/2020\/wp-content\/uploads\/2021\/06\/2021EV0861.jpeg\" data-link=\"https:\/\/www.enteratever.com\/?attachment_id=49358\" class=\"wp-image-49358\"\/><\/figure><\/li><\/ul><\/figure>\n","protected":false},"excerpt":{"rendered":"<p>Visitas: 0 Cada vez son m\u00e1s los padres de familia que aceptan a sus hijos que tienen diferentes preferencias sexuales, por lo que han decidido apoyarlos y enfrentar las problem\u00e1ticas sociales, culturales y religiosos, de acuerdo con la se\u00f1ora Leticia tiene una hija que pertenece a la comunidad LGBT. En entrevista la madre de familia [&hellip;]<\/p>\n","protected":false},"author":4,"featured_media":174060,"comment_status":"open","ping_status":"open","sticky":false,"template":"","format":"standard","meta":{"footnotes":""},"categories":[213],"tags":[],"class_list":["post-174059","post","type-post","status-publish","format-standard","has-post-thumbnail","category-poza-rica"],"nelio_content":{"isAutoShareEnabled":true,"autoShareEndMode":"never","automationSources":{"useCustomSentences":false,"customSentences":[]},"followers":[],"suggestedReferences":[],"efiUrl":"","efiAlt":"","highlights":[],"permalinkQueryArgs":[],"series":[]},"_links":{"self":[{"href":"https:\/\/www.enteratever.com\/2023\/wp-json\/wp\/v2\/posts\/174059","targetHints":{"allow":["GET"]}}],"collection":[{"href":"https:\/\/www.enteratever.com\/2023\/wp-json\/wp\/v2\/posts"}],"about":[{"href":"https:\/\/www.enteratever.com\/2023\/wp-json\/wp\/v2\/types\/post"}],"author":[{"embeddable":true,"href":"https:\/\/www.enteratever.com\/2023\/wp-json\/wp\/v2\/users\/4"}],"replies":[{"embeddable":true,"href":"https:\/\/www.enteratever.com\/2023\/wp-json\/wp\/v2\/comments?post=174059"}],"version-history":[{"count":0,"href":"https:\/\/www.enteratever.com\/2023\/wp-json\/wp\/v2\/posts\/174059\/revisions"}],"wp:featuredmedia":[{"embeddable":true,"href":"https:\/\/www.enteratever.com\/2023\/wp-json\/wp\/v2\/media\/174060"}],"wp:attachment":[{"href":"https:\/\/www.enteratever.com\/2023\/wp-json\/wp\/v2\/media?parent=174059"}],"wp:term":[{"taxonomy":"category","embeddable":true,"href":"https:\/\/www.enteratever.com\/2023\/wp-json\/wp\/v2\/categories?post=174059"},{"taxonomy":"post_tag","embeddable":true,"href":"https:\/\/www.enteratever.com\/2023\/wp-json\/wp\/v2\/tags?post=174059"}],"curies":[{"name":"wp","href":"https:\/\/api.w.org\/{rel}","templated":true}]}}