{"id":174047,"date":"2021-06-25T22:09:13","date_gmt":"2021-06-25T22:09:13","guid":{"rendered":"https:\/\/www.enteratever.com\/2023\/preparan-revelacion-de-placa-conmemorativa-para-las-personas-que-fallecieron-de-covid-19-en-poza-rica\/"},"modified":"2021-06-25T22:09:13","modified_gmt":"2021-06-25T22:09:13","slug":"preparan-revelacion-de-placa-conmemorativa-para-las-personas-que-fallecieron-de-covid-19-en-poza-rica","status":"publish","type":"post","link":"https:\/\/www.enteratever.com\/2023\/2021\/06\/25\/preparan-revelacion-de-placa-conmemorativa-para-las-personas-que-fallecieron-de-covid-19-en-poza-rica\/","title":{"rendered":"Preparan revelaci\u00f3n de placa conmemorativa para las personas que fallecieron de Covid-19 en Poza Rica"},"content":{"rendered":"<p>Visitas: 0<\/p>\n<p class=\"wp-block-paragraph\">Comienzan los preparativos de la placa conmemorativa para las personas que han fallecido de covid-19, propuesta que fue hecha en las pasadas sesiones de cabildo, la cual el alcalde hab\u00eda dicho que se estar\u00eda analizando la su iniciativa y estar\u00edan revisando el lugar en donde estar\u00eda siendo colocada.<\/p>\n\n\n\n<p class=\"wp-block-paragraph\">Dicha placa ser\u00e1 instalada en la explanada del ayuntamiento, esto para conmemorar a las personas que perdieron la batalla, por lo que ser\u00e1 el pr\u00f3ximo 28 de junio a las 9:00 horas, dicho evento ser\u00e1 transmitido a trav\u00e9s de las redes sociales del ayuntamiento, esto para evitar aglomeraciones de personas en el lugar.<\/p>\n\n\n\n<p class=\"wp-block-paragraph\">Cabe destacar que no se sabe cuanto es lo que se invirti\u00f3 en la construcci\u00f3n de dicha placa conmemorativa, cabe mencionar que aseguran que estar\u00edan dando a conocer desde que se aprobar\u00e1 la propuesta, el lugar donde ser\u00eda instalada, cu\u00e1nto costar\u00eda y cundo iniciar\u00eda su construcci\u00f3n, cosas que no se hicieron en ning\u00fan momento.<\/p>\n\n\n\n<p class=\"wp-block-paragraph\">Fue durante esta semana cuando alba\u00f1iles acudieron a la explanada del ayuntamiento para comenzar con la construcci\u00f3n de la estructura en donde estar\u00e1n colocando la placa para conmemorar a las personas que perdieron la vida debido a esta enfermedad, pues en el municipio han sido miles las personas que perdieron la batalla.<\/p>\n\n\n\n<p class=\"wp-block-paragraph\">Cabe destacar que fue durante este mes del a\u00f1os pasado cuando varios funcionarios p\u00fablicos del ayuntamiento fallecieron debido a esta enfermedad, por lo que las familias que han perdido a un familiar debido a esta enfermedad ya contaran con una placa para hornear a su familiar.<\/p>\n","protected":false},"excerpt":{"rendered":"<p>Visitas: 0 Comienzan los preparativos de la placa conmemorativa para las personas que han fallecido de covid-19, propuesta que fue hecha en las pasadas sesiones de cabildo, la cual el alcalde hab\u00eda dicho que se estar\u00eda analizando la su iniciativa y estar\u00edan revisando el lugar en donde estar\u00eda siendo colocada. Dicha placa ser\u00e1 instalada en [&hellip;]<\/p>\n","protected":false},"author":4,"featured_media":174048,"comment_status":"open","ping_status":"open","sticky":false,"template":"","format":"standard","meta":{"footnotes":""},"categories":[213],"tags":[],"class_list":["post-174047","post","type-post","status-publish","format-standard","has-post-thumbnail","category-poza-rica"],"nelio_content":{"isAutoShareEnabled":true,"autoShareEndMode":"never","automationSources":{"useCustomSentences":false,"customSentences":[]},"followers":[],"suggestedReferences":[],"efiUrl":"","efiAlt":"","highlights":[],"permalinkQueryArgs":[],"series":[]},"_links":{"self":[{"href":"https:\/\/www.enteratever.com\/2023\/wp-json\/wp\/v2\/posts\/174047","targetHints":{"allow":["GET"]}}],"collection":[{"href":"https:\/\/www.enteratever.com\/2023\/wp-json\/wp\/v2\/posts"}],"about":[{"href":"https:\/\/www.enteratever.com\/2023\/wp-json\/wp\/v2\/types\/post"}],"author":[{"embeddable":true,"href":"https:\/\/www.enteratever.com\/2023\/wp-json\/wp\/v2\/users\/4"}],"replies":[{"embeddable":true,"href":"https:\/\/www.enteratever.com\/2023\/wp-json\/wp\/v2\/comments?post=174047"}],"version-history":[{"count":0,"href":"https:\/\/www.enteratever.com\/2023\/wp-json\/wp\/v2\/posts\/174047\/revisions"}],"wp:featuredmedia":[{"embeddable":true,"href":"https:\/\/www.enteratever.com\/2023\/wp-json\/wp\/v2\/media\/174048"}],"wp:attachment":[{"href":"https:\/\/www.enteratever.com\/2023\/wp-json\/wp\/v2\/media?parent=174047"}],"wp:term":[{"taxonomy":"category","embeddable":true,"href":"https:\/\/www.enteratever.com\/2023\/wp-json\/wp\/v2\/categories?post=174047"},{"taxonomy":"post_tag","embeddable":true,"href":"https:\/\/www.enteratever.com\/2023\/wp-json\/wp\/v2\/tags?post=174047"}],"curies":[{"name":"wp","href":"https:\/\/api.w.org\/{rel}","templated":true}]}}