{"id":174029,"date":"2021-06-23T01:00:00","date_gmt":"2021-06-23T01:00:00","guid":{"rendered":"https:\/\/www.enteratever.com\/2023\/alcalde-en-contra-de-que-se-lleven-las-oficinas-de-pemex-al-puerto-de-veracruz\/"},"modified":"2021-06-23T01:00:00","modified_gmt":"2021-06-23T01:00:00","slug":"alcalde-en-contra-de-que-se-lleven-las-oficinas-de-pemex-al-puerto-de-veracruz","status":"publish","type":"post","link":"https:\/\/www.enteratever.com\/2023\/2021\/06\/23\/alcalde-en-contra-de-que-se-lleven-las-oficinas-de-pemex-al-puerto-de-veracruz\/","title":{"rendered":"Alcalde en contra de que se lleven las oficinas de Pemex al puerto de Veracruz"},"content":{"rendered":"<p>Visitas: 1<\/p>\n<p class=\"wp-block-paragraph\">Luego de que se diera a conocer sobre la posibilidad de que las oficinas administrativas de Pemex Regi\u00f3n Norte al Puerto de Veracruz, por lo que el acalde Francisco Javier Vel\u00e1zquez Vallejo, dijo que esto estar\u00eda generando afectaciones econ\u00f3micas para la regi\u00f3n norte y a pesar de que a \u00e9l no le han notificado nada espera que esto no se realice por el bienestar del municipio.<\/p>\n\n\n\n<p class=\"wp-block-paragraph\">En entrevista se\u00f1al\u00f3 que seguir\u00e1n a la espera de alg\u00fan informe por parte de las autoridades de Pemex para conocer que estar\u00e1 para pasando, pero considera que esto estar\u00e1 generando grandes problemas econ\u00f3micos para las familias de la ciudad y de la regi\u00f3n, pues muchos provienen de municipios cercanos a la ciudad.<\/p>\n\n\n\n<p class=\"wp-block-paragraph\">Destac\u00f3 que la derrama econ\u00f3mica por la industria petrolera en esta ciudad no ha mejorado, pues cuando las compa\u00f1\u00edas emigraron se comenzaron con los problemas, pues el bum petrolero hab\u00eda terminado, se vieron muchos negocios cerrados, familias tuvieron que emigrar entre otras cosas.<\/p>\n\n\n\n<p class=\"wp-block-paragraph\">Vel\u00e1zquez Vallejo dijo que de ser verdad el ser\u00e1 respetuoso a la decisi\u00f3n que tomen, aunque como jubilado de Pemex es algo que no le gustar\u00eda que pasara por qu\u00e9 conoce los problemas que estar\u00e1 generando para todos, pero solo queda esperar a los altos mandos de la empresa petrolera.<\/p>\n\n\n\n<p class=\"wp-block-paragraph\">Cabe destacar que est\u00e1 declaraci\u00f3n el alcalde la dio el d\u00eda de hoy cuando se dio cita en el Gimnasio Municipal en donde se estuvieron entregando despensas a mil 600 familias a trav\u00e9s del programa social Vive Bien.<\/p>\n","protected":false},"excerpt":{"rendered":"<p>Visitas: 1 Luego de que se diera a conocer sobre la posibilidad de que las oficinas administrativas de Pemex Regi\u00f3n Norte al Puerto de Veracruz, por lo que el acalde Francisco Javier Vel\u00e1zquez Vallejo, dijo que esto estar\u00eda generando afectaciones econ\u00f3micas para la regi\u00f3n norte y a pesar de que a \u00e9l no le han [&hellip;]<\/p>\n","protected":false},"author":4,"featured_media":174030,"comment_status":"open","ping_status":"open","sticky":false,"template":"","format":"standard","meta":{"footnotes":""},"categories":[213],"tags":[],"class_list":["post-174029","post","type-post","status-publish","format-standard","has-post-thumbnail","category-poza-rica"],"nelio_content":{"isAutoShareEnabled":true,"autoShareEndMode":"never","automationSources":{"useCustomSentences":false,"customSentences":[]},"followers":[],"suggestedReferences":[],"efiUrl":"","efiAlt":"","highlights":[],"permalinkQueryArgs":[],"series":[]},"_links":{"self":[{"href":"https:\/\/www.enteratever.com\/2023\/wp-json\/wp\/v2\/posts\/174029","targetHints":{"allow":["GET"]}}],"collection":[{"href":"https:\/\/www.enteratever.com\/2023\/wp-json\/wp\/v2\/posts"}],"about":[{"href":"https:\/\/www.enteratever.com\/2023\/wp-json\/wp\/v2\/types\/post"}],"author":[{"embeddable":true,"href":"https:\/\/www.enteratever.com\/2023\/wp-json\/wp\/v2\/users\/4"}],"replies":[{"embeddable":true,"href":"https:\/\/www.enteratever.com\/2023\/wp-json\/wp\/v2\/comments?post=174029"}],"version-history":[{"count":0,"href":"https:\/\/www.enteratever.com\/2023\/wp-json\/wp\/v2\/posts\/174029\/revisions"}],"wp:featuredmedia":[{"embeddable":true,"href":"https:\/\/www.enteratever.com\/2023\/wp-json\/wp\/v2\/media\/174030"}],"wp:attachment":[{"href":"https:\/\/www.enteratever.com\/2023\/wp-json\/wp\/v2\/media?parent=174029"}],"wp:term":[{"taxonomy":"category","embeddable":true,"href":"https:\/\/www.enteratever.com\/2023\/wp-json\/wp\/v2\/categories?post=174029"},{"taxonomy":"post_tag","embeddable":true,"href":"https:\/\/www.enteratever.com\/2023\/wp-json\/wp\/v2\/tags?post=174029"}],"curies":[{"name":"wp","href":"https:\/\/api.w.org\/{rel}","templated":true}]}}