{"id":174027,"date":"2021-06-22T22:00:00","date_gmt":"2021-06-22T22:00:00","guid":{"rendered":"https:\/\/www.enteratever.com\/2023\/comienzan-con-registro-de-30-a-39-anos-para-la-vacuna-anti-covid\/"},"modified":"2021-06-22T22:00:00","modified_gmt":"2021-06-22T22:00:00","slug":"comienzan-con-registro-de-30-a-39-anos-para-la-vacuna-anti-covid","status":"publish","type":"post","link":"https:\/\/www.enteratever.com\/2023\/2021\/06\/22\/comienzan-con-registro-de-30-a-39-anos-para-la-vacuna-anti-covid\/","title":{"rendered":"Comienzan con registro de 30 a 39 a\u00f1os para la vacuna anti Covid"},"content":{"rendered":"<p>Visitas: 0<\/p>\n<p class=\"wp-block-paragraph\">Poza Rica, Veracruz.- Tras darse a conocer que ya est\u00e1 abierta la convocatoria para la persona de 30 a 39 a\u00f1os para recibir la vacuna anti covid, Emilio Olvera Andrade, Delegado Regional de Programas Sociales del Bienestar invit\u00f3 a los ciudadanos de este municipio a qu\u00e9 si cuenten con la edad solicitada hagan su registro para que se tenga un aproximado de cu\u00e1ntas personas podr\u00edan ser vacunadas en la ciudad.<\/p>\n\n\n\n<p class=\"wp-block-paragraph\">El delegado coment\u00f3 que los ciudadanos deber\u00e1n ingresar a la p\u00e1gina HTTPS:\/\/mivacuna.salud.gob.mx, en donde se les estar\u00e1 solicitando algunos datos personales para poder hacer su registro como tal, lo que permitir\u00e1 conocer el rango de cu\u00e1ntas vacunas estar\u00e1n aplicando.<\/p>\n\n\n\n<p class=\"wp-block-paragraph\">Olvera Andrade dijo que el registro, los ciudadanos s\u00f3lo deben introducir tu CURP, seleccionar la opci\u00f3n \u201cQuiero vacunarme\u201d, elegir la entidad y municipio donde actualmente est\u00e1s viviendo, agrega el c\u00f3digo postal, dar clic en \u201cEnviar\u201d y en \u201cComprobante\u201d, una vez que se hayan registrado, deben espera la llamada de personal de la Secretar\u00eda que les proporcionar\u00e1 la fecha y el lugar donde podr\u00e1n acudir a vacunarse.<\/p>\n\n\n\n<figure class=\"wp-block-image size-full\"><img decoding=\"async\" src=\"https:\/\/www.enteratever.com\/2020\/wp-content\/uploads\/2021\/06\/2021EV0607.jpeg\" alt=\"\" class=\"wp-image-48811\"\/><\/figure>\n\n\n\n<p class=\"wp-block-paragraph\">Mencion\u00f3 que los d\u00edas jueves 24 y viernes 25 de junio, se aplicar\u00e1 la segunda dosis en el domo de la Plaza C\u00edvica de Poza Rica a las personas de 50 a 59 a\u00f1os, residentes de Tihuatl\u00e1n y Coatzintla, as\u00ed como mujeres embarazadas, por lo que ya se cuenta con todo para continuar con su aplicaci\u00f3n de la vacuna.<\/p>\n\n\n\n<p class=\"wp-block-paragraph\">Destac\u00f3 que a\u00fan en los pr\u00f3ximos d\u00edas estar\u00e1n dando a conocer las fechas oficiales en la que estar\u00e1n dando inici\u00f3 con la jornada de vacunaci\u00f3n para las personas del rango de edad de 40 a 49 a\u00f1os, por lo que deber\u00e1n estar atentos a los comunicados que estar\u00e1n emitiendo para la primera dosis de la vacuna.<\/p>\n","protected":false},"excerpt":{"rendered":"<p>Visitas: 0 Poza Rica, Veracruz.- Tras darse a conocer que ya est\u00e1 abierta la convocatoria para la persona de 30 a 39 a\u00f1os para recibir la vacuna anti covid, Emilio Olvera Andrade, Delegado Regional de Programas Sociales del Bienestar invit\u00f3 a los ciudadanos de este municipio a qu\u00e9 si cuenten con la edad solicitada hagan [&hellip;]<\/p>\n","protected":false},"author":4,"featured_media":174028,"comment_status":"open","ping_status":"open","sticky":false,"template":"","format":"standard","meta":{"footnotes":""},"categories":[213],"tags":[],"class_list":["post-174027","post","type-post","status-publish","format-standard","has-post-thumbnail","category-poza-rica"],"nelio_content":{"isAutoShareEnabled":true,"autoShareEndMode":"never","automationSources":{"useCustomSentences":false,"customSentences":[]},"followers":[],"suggestedReferences":[],"efiUrl":"","efiAlt":"","highlights":[],"permalinkQueryArgs":[],"series":[]},"_links":{"self":[{"href":"https:\/\/www.enteratever.com\/2023\/wp-json\/wp\/v2\/posts\/174027","targetHints":{"allow":["GET"]}}],"collection":[{"href":"https:\/\/www.enteratever.com\/2023\/wp-json\/wp\/v2\/posts"}],"about":[{"href":"https:\/\/www.enteratever.com\/2023\/wp-json\/wp\/v2\/types\/post"}],"author":[{"embeddable":true,"href":"https:\/\/www.enteratever.com\/2023\/wp-json\/wp\/v2\/users\/4"}],"replies":[{"embeddable":true,"href":"https:\/\/www.enteratever.com\/2023\/wp-json\/wp\/v2\/comments?post=174027"}],"version-history":[{"count":0,"href":"https:\/\/www.enteratever.com\/2023\/wp-json\/wp\/v2\/posts\/174027\/revisions"}],"wp:featuredmedia":[{"embeddable":true,"href":"https:\/\/www.enteratever.com\/2023\/wp-json\/wp\/v2\/media\/174028"}],"wp:attachment":[{"href":"https:\/\/www.enteratever.com\/2023\/wp-json\/wp\/v2\/media?parent=174027"}],"wp:term":[{"taxonomy":"category","embeddable":true,"href":"https:\/\/www.enteratever.com\/2023\/wp-json\/wp\/v2\/categories?post=174027"},{"taxonomy":"post_tag","embeddable":true,"href":"https:\/\/www.enteratever.com\/2023\/wp-json\/wp\/v2\/tags?post=174027"}],"curies":[{"name":"wp","href":"https:\/\/api.w.org\/{rel}","templated":true}]}}