{"id":174026,"date":"2021-06-22T21:03:00","date_gmt":"2021-06-22T21:03:00","guid":{"rendered":"https:\/\/www.enteratever.com\/2023\/sea-poza-rica-sera-sede-de-el-coloquio-internacional-de-contaduria\/"},"modified":"2021-06-22T21:03:00","modified_gmt":"2021-06-22T21:03:00","slug":"sea-poza-rica-sera-sede-de-el-coloquio-internacional-de-contaduria","status":"publish","type":"post","link":"https:\/\/www.enteratever.com\/2023\/2021\/06\/22\/sea-poza-rica-sera-sede-de-el-coloquio-internacional-de-contaduria\/","title":{"rendered":"SEA Poza Rica ser\u00e1 sede de el Coloquio Internacional de Contadur\u00eda"},"content":{"rendered":"<p>Visitas: 1<\/p>\n<p class=\"wp-block-paragraph\">La Coordinaci\u00f3n del Sistema de Ense\u00f1anza Abierta (SEA) de la UV realizar\u00e1 el Segundo Coloquio Internacional denominado Repercusiones de la Pandemia en la Profesi\u00f3n Contable, mismo que ce celebrar\u00e1 el 9 y 10 de julio del presente a\u00f1o.<\/p>\n\n\n\n<p class=\"wp-block-paragraph\">Al respecto la doctora Dora Alicia Daza Ponce, Coordinadora Acad\u00e9mica Regional del Sistema de Ense\u00f1anza Abierta (SEA) de la Universidad Veraruzana, dijo que el objetivo es crear un espacio de di\u00e1logo y de acercamiento acad\u00e9mico ante las repercusiones de la pandemia a la profesi\u00f3n contable, \u201cse compartir\u00e1n conceptos y experiencias nacionales e internacionales en la disciplina\u201d.<\/p>\n\n\n\n<p class=\"wp-block-paragraph\">Especific\u00f3 tambi\u00e9n que se tratar\u00e1n temas enfocados al impacto en los costos, en el giro industrial, gastr\u00f3nomico, sustentable de la micro, mediana y macro empresa, las cuales tambi\u00e9n se han visto afectadas por los estragos de la pandemia del Sars-Cov-2.<\/p>\n\n\n\n<p class=\"wp-block-paragraph\">En este sentido Daza Ponce manifest\u00f3 que se abordarr\u00e1n las tem\u00e1ticas de los costos verdes en las empresa, como parte de la responsabilidad social, sin dejar de considerar la importancia de la formaci\u00f3n de los contadores desde la perspectiva del desarrollo de competencias que le faciliten la inserci\u00f3n laboral y el uso de las tecnolog\u00edas de la informaci\u00f3n.<\/p>\n\n\n\n<figure class=\"wp-block-image size-full\"><img decoding=\"async\" src=\"https:\/\/www.enteratever.com\/2020\/wp-content\/uploads\/2021\/06\/2021EV0606.jpeg\" alt=\"\" class=\"wp-image-48808\"\/><\/figure>\n\n\n\n<p class=\"wp-block-paragraph\">La Coordinadora Regional del SEA agradeci\u00f3 las facilidades de las autoridades universitarias, en este caso del doctor Jos\u00e9 Luis Alan\u00eds M\u00e9ndez, a los docentes de contadur\u00eda y al maestro Miguel Sosa Ruiz, Director General del Sistema de Ense\u00f1anza Abierta.<\/p>\n\n\n\n<p class=\"wp-block-paragraph\">Este Segundo Coloquio Internacional de Contadur\u00eda la doctora Rita de Casia Fonseca de Brasil docente de tiempo completo de la Universidad Estadual Do Centro Oeste UNICENTRO, en Paran\u00e1, Brasil, impartir\u00e1 la c\u00e1tedra \u201cCostos verdes en las empresas\u00bb.<\/p>\n\n\n\n<p class=\"wp-block-paragraph\">Asimismo el maestro C\u00e9sar Augusto Chambe Ram\u00edrez, docente de la Universidad Andina del Cusco-Per\u00fa impartir\u00e1 la conferencia magistral<br>\u00abCostos en la microindustrial\u201d, mientras que el maestro Rodrigo Riquelme Barros. Investigador Magistrado en Educaci\u00f3n Superior y Docente en la Pontificia Universidad Cat\u00f3lica del Per\u00fa y Le Cordon Bleu Per\u00fa impartir\u00e1 la c\u00e1tedra \u00abCostos en la Industria Gastron\u00f3mica\u00bb.<\/p>\n\n\n\n<p class=\"wp-block-paragraph\">A su vez la maestra Yanira Xiomara de la Cruz Casta\u00f1eda Docente investigadora de la Universidad de Zacatecas trabajar\u00e1 en el tema \u00abImpacto de las TICS en la Formaci\u00f3n Contable\u00bb y el maestro Rafael Benjam\u00edn DeytaCruz, -Guyana, Gerente de Recursos Humanos&nbsp; para Caribe en Halliburt\u00f3n, dar\u00e1 la c\u00e1terdra \u00abCompetencias Laborales en el \u00c1mbito Industrial\u00bb.<\/p>\n","protected":false},"excerpt":{"rendered":"<p>Visitas: 1 La Coordinaci\u00f3n del Sistema de Ense\u00f1anza Abierta (SEA) de la UV realizar\u00e1 el Segundo Coloquio Internacional denominado Repercusiones de la Pandemia en la Profesi\u00f3n Contable, mismo que ce celebrar\u00e1 el 9 y 10 de julio del presente a\u00f1o. Al respecto la doctora Dora Alicia Daza Ponce, Coordinadora Acad\u00e9mica Regional del Sistema de Ense\u00f1anza [&hellip;]<\/p>\n","protected":false},"author":4,"featured_media":172212,"comment_status":"open","ping_status":"open","sticky":false,"template":"","format":"standard","meta":{"footnotes":""},"categories":[213],"tags":[],"class_list":["post-174026","post","type-post","status-publish","format-standard","has-post-thumbnail","category-poza-rica"],"nelio_content":{"isAutoShareEnabled":true,"autoShareEndMode":"never","automationSources":{"useCustomSentences":false,"customSentences":[]},"followers":[],"suggestedReferences":[],"efiUrl":"","efiAlt":"","highlights":[],"permalinkQueryArgs":[],"series":[]},"_links":{"self":[{"href":"https:\/\/www.enteratever.com\/2023\/wp-json\/wp\/v2\/posts\/174026","targetHints":{"allow":["GET"]}}],"collection":[{"href":"https:\/\/www.enteratever.com\/2023\/wp-json\/wp\/v2\/posts"}],"about":[{"href":"https:\/\/www.enteratever.com\/2023\/wp-json\/wp\/v2\/types\/post"}],"author":[{"embeddable":true,"href":"https:\/\/www.enteratever.com\/2023\/wp-json\/wp\/v2\/users\/4"}],"replies":[{"embeddable":true,"href":"https:\/\/www.enteratever.com\/2023\/wp-json\/wp\/v2\/comments?post=174026"}],"version-history":[{"count":0,"href":"https:\/\/www.enteratever.com\/2023\/wp-json\/wp\/v2\/posts\/174026\/revisions"}],"wp:featuredmedia":[{"embeddable":true,"href":"https:\/\/www.enteratever.com\/2023\/wp-json\/wp\/v2\/media\/172212"}],"wp:attachment":[{"href":"https:\/\/www.enteratever.com\/2023\/wp-json\/wp\/v2\/media?parent=174026"}],"wp:term":[{"taxonomy":"category","embeddable":true,"href":"https:\/\/www.enteratever.com\/2023\/wp-json\/wp\/v2\/categories?post=174026"},{"taxonomy":"post_tag","embeddable":true,"href":"https:\/\/www.enteratever.com\/2023\/wp-json\/wp\/v2\/tags?post=174026"}],"curies":[{"name":"wp","href":"https:\/\/api.w.org\/{rel}","templated":true}]}}