{"id":174019,"date":"2021-06-21T18:31:50","date_gmt":"2021-06-21T18:31:50","guid":{"rendered":"https:\/\/www.enteratever.com\/2023\/24-y-25-de-junio-estaran-vacunando-a-embarazadas-y-ciudadania-de-50-a-59-anos\/"},"modified":"2021-06-21T18:31:50","modified_gmt":"2021-06-21T18:31:50","slug":"24-y-25-de-junio-estaran-vacunando-a-embarazadas-y-ciudadania-de-50-a-59-anos","status":"publish","type":"post","link":"https:\/\/www.enteratever.com\/2023\/2021\/06\/21\/24-y-25-de-junio-estaran-vacunando-a-embarazadas-y-ciudadania-de-50-a-59-anos\/","title":{"rendered":"24 y 25 de junio estar\u00e1n vacunando a embarazadas y ciudadan\u00eda de 50 a 59 a\u00f1os"},"content":{"rendered":"<p>Visitas: 0<\/p>\n<p class=\"wp-block-paragraph\">Los d\u00edas 24 y 25 de junio se estar\u00e1n aplicando la segunda dosis de la vacuna anti covid para las personas de 50 a 59 a\u00f1os de los municipios de Coatzintla y Tihuatl\u00e1n en el domo de la Plaza C\u00edvica 18 de marzo de Poza Rica, esto para continuar con la jornada de vacunaci\u00f3n y prevenir que sigan presentando m\u00e1s casos de esta enfermedad.<\/p>\n\n\n\n<p class=\"wp-block-paragraph\">De acuerdo con Emilio Olvera Andrade, Delegado Regional de Programas Sociales del Bienestar, dijo que durante estos d\u00edas se les estar\u00e1 llamando a las personas que recibieron la primera dosis, por lo que deben de estar atentos o bien acudir a la Plaza C\u00edvica para que se les de la atenci\u00f3n y puedan recibir la vacuna.<\/p>\n\n\n\n<p class=\"wp-block-paragraph\">Al igual dijo que tambi\u00e9n estar\u00e1n siendo vacunadas las mujeres embarazadas que ya recibieron la primera dosis, por lo que les piden estar atentos a las llamadas que reciben, por qu\u00e9 los servidores de la naci\u00f3n ya comenzaron a llamarles para agendarles una cita y as\u00ed evitar las filas, que en esta regi\u00f3n no se ha presentado est\u00e1 situaci\u00f3n.<\/p>\n\n\n\n<p class=\"wp-block-paragraph\">Cabe destacar que en la primera etapa se vacunaron a un promedio de 600 embarazadas y se vacunaron a pr\u00f3ximamente a 12 mil personas recibieron la dosis, por lo que espera que todos acudan a recibir la vacuna, ya que muchas veces por alg\u00fan motivo las personas no pueden acudir las fechas por diferentes motivos.<\/p>\n\n\n\n<p class=\"wp-block-paragraph\">Por \u00faltimo destac\u00f3 que est\u00e1n tratando que la aplicaci\u00f3n de la vacuna se pueda llevar m\u00e1s r\u00e1pido, pues es mejor que en el menor tiempo posible la poblaci\u00f3n este vacunados, ya que en los \u00faltimos d\u00edas han incrementado los casos y de caso de ser una tercera ola de contagios sean menos por qu\u00e9 la poblaci\u00f3n ya recibi\u00f3 la dosis.<\/p>\n\n\n\n<figure class=\"wp-block-gallery columns-1 wp-block-gallery-1 is-layout-flex wp-block-gallery-is-layout-flex\"><ul class=\"blocks-gallery-grid\"><li class=\"blocks-gallery-item\"><figure><img decoding=\"async\" src=\"https:\/\/www.enteratever.com\/2020\/wp-content\/uploads\/2021\/06\/2021EV0585.jpeg\" alt=\"\" data-id=\"48672\" data-full-url=\"https:\/\/www.enteratever.com\/2020\/wp-content\/uploads\/2021\/06\/2021EV0585.jpeg\" data-link=\"https:\/\/www.enteratever.com\/?attachment_id=48672\" class=\"wp-image-48672\"\/><\/figure><\/li><li class=\"blocks-gallery-item\"><figure><img decoding=\"async\" src=\"https:\/\/www.enteratever.com\/2020\/wp-content\/uploads\/2021\/06\/2021EV0586.jpeg\" alt=\"\" data-id=\"48671\" data-full-url=\"https:\/\/www.enteratever.com\/2020\/wp-content\/uploads\/2021\/06\/2021EV0586.jpeg\" data-link=\"https:\/\/www.enteratever.com\/?attachment_id=48671\" class=\"wp-image-48671\"\/><\/figure><\/li><li class=\"blocks-gallery-item\"><figure><img decoding=\"async\" src=\"https:\/\/www.enteratever.com\/2020\/wp-content\/uploads\/2021\/06\/2021EV0587.jpeg\" alt=\"\" data-id=\"48670\" data-full-url=\"https:\/\/www.enteratever.com\/2020\/wp-content\/uploads\/2021\/06\/2021EV0587.jpeg\" data-link=\"https:\/\/www.enteratever.com\/?attachment_id=48670\" class=\"wp-image-48670\"\/><\/figure><\/li><\/ul><\/figure>\n","protected":false},"excerpt":{"rendered":"<p>Visitas: 0 Los d\u00edas 24 y 25 de junio se estar\u00e1n aplicando la segunda dosis de la vacuna anti covid para las personas de 50 a 59 a\u00f1os de los municipios de Coatzintla y Tihuatl\u00e1n en el domo de la Plaza C\u00edvica 18 de marzo de Poza Rica, esto para continuar con la jornada de [&hellip;]<\/p>\n","protected":false},"author":4,"featured_media":174020,"comment_status":"open","ping_status":"open","sticky":false,"template":"","format":"standard","meta":{"footnotes":""},"categories":[213],"tags":[],"class_list":["post-174019","post","type-post","status-publish","format-standard","has-post-thumbnail","category-poza-rica"],"nelio_content":{"isAutoShareEnabled":true,"autoShareEndMode":"never","automationSources":{"useCustomSentences":false,"customSentences":[]},"followers":[],"suggestedReferences":[],"efiUrl":"","efiAlt":"","highlights":[],"permalinkQueryArgs":[],"series":[]},"_links":{"self":[{"href":"https:\/\/www.enteratever.com\/2023\/wp-json\/wp\/v2\/posts\/174019","targetHints":{"allow":["GET"]}}],"collection":[{"href":"https:\/\/www.enteratever.com\/2023\/wp-json\/wp\/v2\/posts"}],"about":[{"href":"https:\/\/www.enteratever.com\/2023\/wp-json\/wp\/v2\/types\/post"}],"author":[{"embeddable":true,"href":"https:\/\/www.enteratever.com\/2023\/wp-json\/wp\/v2\/users\/4"}],"replies":[{"embeddable":true,"href":"https:\/\/www.enteratever.com\/2023\/wp-json\/wp\/v2\/comments?post=174019"}],"version-history":[{"count":0,"href":"https:\/\/www.enteratever.com\/2023\/wp-json\/wp\/v2\/posts\/174019\/revisions"}],"wp:featuredmedia":[{"embeddable":true,"href":"https:\/\/www.enteratever.com\/2023\/wp-json\/wp\/v2\/media\/174020"}],"wp:attachment":[{"href":"https:\/\/www.enteratever.com\/2023\/wp-json\/wp\/v2\/media?parent=174019"}],"wp:term":[{"taxonomy":"category","embeddable":true,"href":"https:\/\/www.enteratever.com\/2023\/wp-json\/wp\/v2\/categories?post=174019"},{"taxonomy":"post_tag","embeddable":true,"href":"https:\/\/www.enteratever.com\/2023\/wp-json\/wp\/v2\/tags?post=174019"}],"curies":[{"name":"wp","href":"https:\/\/api.w.org\/{rel}","templated":true}]}}