{"id":174017,"date":"2021-06-21T02:47:53","date_gmt":"2021-06-21T02:47:53","guid":{"rendered":"https:\/\/www.enteratever.com\/2023\/escuelas-particulares-regresan-a-clases-presenciales\/"},"modified":"2021-06-21T02:47:53","modified_gmt":"2021-06-21T02:47:53","slug":"escuelas-particulares-regresan-a-clases-presenciales","status":"publish","type":"post","link":"https:\/\/www.enteratever.com\/2023\/2021\/06\/21\/escuelas-particulares-regresan-a-clases-presenciales\/","title":{"rendered":"Escuelas particulares regresan a clases presenciales"},"content":{"rendered":"<p>Visitas: 9<\/p>\n<p class=\"wp-block-paragraph\"><em>\u2022 Siguiendo las medidas sanitarias y con el consentimiento de los padres.<\/em><\/p>\n\n\n\n<p class=\"wp-block-paragraph\">Son un promedio de 20 escuelas de los diferentes niveles educativos las que regresaron a clases en la entidad veracruzana, de acuerdo con Antonio Alarc\u00f3n Jaramillo, delegado en Veracruz de la Asociaci\u00f3n Nacional de Escuelas Particulares (ANEP), las cuales est\u00e1n respetando las medidas sanitarias.<\/p>\n\n\n\n<p class=\"wp-block-paragraph\">En entrevista coment\u00f3 que entre los planteles que ya regresaron, se encuentran cuatro planteles de secundaria, siete primarias y dos m\u00e1s de nivel superior, as\u00ed como tres de preescolar, que se encuentran ubicadas en municipios como Orizaba, puerto de Veracruz, Poza Rica y se est\u00e1 por confirmar en Xalapa.<\/p>\n\n\n\n<figure class=\"wp-block-image size-full\"><img decoding=\"async\" src=\"https:\/\/www.enteratever.com\/2020\/wp-content\/uploads\/2021\/06\/2021EV0583.jpeg\" alt=\"\" class=\"wp-image-48629\"\/><\/figure>\n\n\n\n<p class=\"wp-block-paragraph\">Se\u00f1al\u00f3 que las escuelas estuvieron realizando censos entre los padres de familia para conocer su postura ante el regreso a clases y fueron estos mismos los que estuvieron de acuerdo de que los alumnos regresaran a las clases presenciales siempre y cuando las instituciones educativas en todo momento cuidaran la salud de sus hijos.<\/p>\n\n\n\n<p class=\"wp-block-paragraph\">Alarc\u00f3n Jaramillo dijo que, en s\u00ed los planteles particulares, est\u00e1n preparados desde hace m\u00e1s de dos meses con la aplicaci\u00f3n de los protocolos de prevenci\u00f3n, para el regreso a clases presenciales, y reiter\u00f3 que los regresos son escalonados para atenci\u00f3n de los estudiantes, adem\u00e1s de recomendar a los directores y padres de familia que mantengan la aplicaci\u00f3n de las medidas de prevenci\u00f3n.<\/p>\n\n\n\n<p class=\"wp-block-paragraph\">Con respecto al tema de los ni\u00f1os, que han sido reportados con casos de Covid-19, en el marco de este retorno a clases, expres\u00f3, que se debe de tomar con calma, pues se ha informado que el contagio aparentemente fue fuera de la escuela, por lo que en este caso ellos han solicitado a las escuelas que sigan estos protocolos y que sean muy rigurosos con estos protocolos.<\/p>\n","protected":false},"excerpt":{"rendered":"<p>Visitas: 9 \u2022 Siguiendo las medidas sanitarias y con el consentimiento de los padres. Son un promedio de 20 escuelas de los diferentes niveles educativos las que regresaron a clases en la entidad veracruzana, de acuerdo con Antonio Alarc\u00f3n Jaramillo, delegado en Veracruz de la Asociaci\u00f3n Nacional de Escuelas Particulares (ANEP), las cuales est\u00e1n respetando [&hellip;]<\/p>\n","protected":false},"author":4,"featured_media":174018,"comment_status":"open","ping_status":"open","sticky":false,"template":"","format":"standard","meta":{"footnotes":""},"categories":[213],"tags":[],"class_list":["post-174017","post","type-post","status-publish","format-standard","has-post-thumbnail","category-poza-rica"],"nelio_content":{"isAutoShareEnabled":true,"autoShareEndMode":"never","automationSources":{"useCustomSentences":false,"customSentences":[]},"followers":[],"suggestedReferences":[],"efiUrl":"","efiAlt":"","highlights":[],"permalinkQueryArgs":[],"series":[]},"_links":{"self":[{"href":"https:\/\/www.enteratever.com\/2023\/wp-json\/wp\/v2\/posts\/174017","targetHints":{"allow":["GET"]}}],"collection":[{"href":"https:\/\/www.enteratever.com\/2023\/wp-json\/wp\/v2\/posts"}],"about":[{"href":"https:\/\/www.enteratever.com\/2023\/wp-json\/wp\/v2\/types\/post"}],"author":[{"embeddable":true,"href":"https:\/\/www.enteratever.com\/2023\/wp-json\/wp\/v2\/users\/4"}],"replies":[{"embeddable":true,"href":"https:\/\/www.enteratever.com\/2023\/wp-json\/wp\/v2\/comments?post=174017"}],"version-history":[{"count":0,"href":"https:\/\/www.enteratever.com\/2023\/wp-json\/wp\/v2\/posts\/174017\/revisions"}],"wp:featuredmedia":[{"embeddable":true,"href":"https:\/\/www.enteratever.com\/2023\/wp-json\/wp\/v2\/media\/174018"}],"wp:attachment":[{"href":"https:\/\/www.enteratever.com\/2023\/wp-json\/wp\/v2\/media?parent=174017"}],"wp:term":[{"taxonomy":"category","embeddable":true,"href":"https:\/\/www.enteratever.com\/2023\/wp-json\/wp\/v2\/categories?post=174017"},{"taxonomy":"post_tag","embeddable":true,"href":"https:\/\/www.enteratever.com\/2023\/wp-json\/wp\/v2\/tags?post=174017"}],"curies":[{"name":"wp","href":"https:\/\/api.w.org\/{rel}","templated":true}]}}