{"id":174015,"date":"2021-06-18T22:57:29","date_gmt":"2021-06-18T22:57:29","guid":{"rendered":"https:\/\/www.enteratever.com\/2023\/empresarios-se-reuniran-con-senadores-para-hablar-de-la-subdireccion-de-pemex\/"},"modified":"2021-06-18T22:57:29","modified_gmt":"2021-06-18T22:57:29","slug":"empresarios-se-reuniran-con-senadores-para-hablar-de-la-subdireccion-de-pemex","status":"publish","type":"post","link":"https:\/\/www.enteratever.com\/2023\/2021\/06\/18\/empresarios-se-reuniran-con-senadores-para-hablar-de-la-subdireccion-de-pemex\/","title":{"rendered":"Empresarios se reunir\u00e1n con senadores para hablar de la Subdirecci\u00f3n de Pemex"},"content":{"rendered":"<p>Visitas: 1<\/p>\n<p class=\"wp-block-paragraph\">A fin de buscar evitar que se lleven la Subdirecci\u00f3n Regi\u00f3n Norte de Pemex del municipio sea enviada al Puerto de Veracruz, empresarios de la regi\u00f3n la pr\u00f3xima semana se estar\u00e1n reuniendo con senadores para buscar la posibilidad de que est\u00e1 \u00e1rea se quede en la ciudad, ya que genera empleos no solo para un municipio sino para toda una regi\u00f3n.<\/p>\n\n\n\n<p class=\"wp-block-paragraph\">En entrevista Alejandro de la Torre Tapia, Presidente del Consejo Empresarial Zona Norte de Veracruz, se\u00f1al\u00f3 que de ser enviada a otra parte de la entidad esto estar\u00eda generando grabes problemas para la regi\u00f3n, situaci\u00f3n que desde que se dio a conocer la decisi\u00f3n los empresarios vienen diciendo, pues la situaci\u00f3n econom\u00eda y de empleo vendr\u00eda empeorando, pues Poza Rica atraviesa una de sus peores crisis.<\/p>\n\n\n\n<p class=\"wp-block-paragraph\">\u201cSi ahorita, por lo pronto no hay una inversi\u00f3n en el Activo Poza Rica, por lo menos que no se vaya la inversi\u00f3n que existe actualmente. Y esta parte de tener aqu\u00ed la Subdirecci\u00f3n y que vengan empresas a tramitar lo que tengan que realizar, eso es un movimiento econ\u00f3mico sino tan grande, cuando menos le da cierta vida a la ciudad y la regi\u00f3n\u201d<\/p>\n\n\n\n<p class=\"wp-block-paragraph\">De la Torre Tapia indic\u00f3 que la empresa debe de tomar en cuenta al sector empresarial de la regi\u00f3n para la toma de decisiones y evitar con ello afectaciones para la zona, en el aspecto econ\u00f3mico, de ah\u00ed la importancia de reunirse con el sector empresarial.<\/p>\n\n\n\n<p class=\"wp-block-paragraph\">\u201cManifestamos nuestra profunda absoluta y firme inconformidad debido al profundo impacto social, econ\u00f3mico y de seguridad que dicha medida generar\u00e1 para Poza Rica y la Zona Norte del Estado de Veracruz\u201d, mencion\u00f3 un comunicado que al respecto de esta decisi\u00f3n de PEMEX, expresaron los representantes empresariales.<\/p>\n","protected":false},"excerpt":{"rendered":"<p>Visitas: 1 A fin de buscar evitar que se lleven la Subdirecci\u00f3n Regi\u00f3n Norte de Pemex del municipio sea enviada al Puerto de Veracruz, empresarios de la regi\u00f3n la pr\u00f3xima semana se estar\u00e1n reuniendo con senadores para buscar la posibilidad de que est\u00e1 \u00e1rea se quede en la ciudad, ya que genera empleos no solo [&hellip;]<\/p>\n","protected":false},"author":4,"featured_media":174016,"comment_status":"open","ping_status":"open","sticky":false,"template":"","format":"standard","meta":{"footnotes":""},"categories":[213],"tags":[],"class_list":["post-174015","post","type-post","status-publish","format-standard","has-post-thumbnail","category-poza-rica"],"nelio_content":{"isAutoShareEnabled":true,"autoShareEndMode":"never","automationSources":{"useCustomSentences":false,"customSentences":[]},"followers":[],"suggestedReferences":[],"efiUrl":"","efiAlt":"","highlights":[],"permalinkQueryArgs":[],"series":[]},"_links":{"self":[{"href":"https:\/\/www.enteratever.com\/2023\/wp-json\/wp\/v2\/posts\/174015","targetHints":{"allow":["GET"]}}],"collection":[{"href":"https:\/\/www.enteratever.com\/2023\/wp-json\/wp\/v2\/posts"}],"about":[{"href":"https:\/\/www.enteratever.com\/2023\/wp-json\/wp\/v2\/types\/post"}],"author":[{"embeddable":true,"href":"https:\/\/www.enteratever.com\/2023\/wp-json\/wp\/v2\/users\/4"}],"replies":[{"embeddable":true,"href":"https:\/\/www.enteratever.com\/2023\/wp-json\/wp\/v2\/comments?post=174015"}],"version-history":[{"count":0,"href":"https:\/\/www.enteratever.com\/2023\/wp-json\/wp\/v2\/posts\/174015\/revisions"}],"wp:featuredmedia":[{"embeddable":true,"href":"https:\/\/www.enteratever.com\/2023\/wp-json\/wp\/v2\/media\/174016"}],"wp:attachment":[{"href":"https:\/\/www.enteratever.com\/2023\/wp-json\/wp\/v2\/media?parent=174015"}],"wp:term":[{"taxonomy":"category","embeddable":true,"href":"https:\/\/www.enteratever.com\/2023\/wp-json\/wp\/v2\/categories?post=174015"},{"taxonomy":"post_tag","embeddable":true,"href":"https:\/\/www.enteratever.com\/2023\/wp-json\/wp\/v2\/tags?post=174015"}],"curies":[{"name":"wp","href":"https:\/\/api.w.org\/{rel}","templated":true}]}}