{"id":174007,"date":"2021-06-17T22:33:55","date_gmt":"2021-06-17T22:33:55","guid":{"rendered":"https:\/\/www.enteratever.com\/2023\/canacintra-realizara-foro-de-desarrollo-agroindustrial\/"},"modified":"2021-06-17T22:33:55","modified_gmt":"2021-06-17T22:33:55","slug":"canacintra-realizara-foro-de-desarrollo-agroindustrial","status":"publish","type":"post","link":"https:\/\/www.enteratever.com\/2023\/2021\/06\/17\/canacintra-realizara-foro-de-desarrollo-agroindustrial\/","title":{"rendered":"Canacintra realizar\u00e1 foro de desarrollo agroindustrial"},"content":{"rendered":"<p>Visitas: 0<\/p>\n<p class=\"wp-block-paragraph\">Con el objetivo de contribuir a impulsar el desarrollo sostenible y diversificar las vocaciones productivas de la regi\u00f3n, la C\u00e1mara Nacional de la Industria de Transformaci\u00f3n (Canacintra) estar\u00e1 realizando el Foro de Desarrollo Agroindustrial Norte de Veracruz se se llevar\u00e1 el pr\u00f3ximo dos de julio en este municipio.<\/p>\n\n\n\n<p class=\"wp-block-paragraph\">De acuerdo con Adolfo Cruz Mabarak, presidente de Canacintra dijo que el realizar el fin de este foro es poder traer inversiones detonar la creaci\u00f3n de empresas locales, fomentar la informaci\u00f3n del talento humano y promover la importaci\u00f3n de productos veracruzanos a Panam\u00e1 y a otros pa\u00edses realizando rondas de negocios con negocios con empresarios e inversionistas.<\/p>\n\n\n\n<p class=\"wp-block-paragraph\">Se contar\u00e1 con la presencia de Alfredo Oranges Busto, Embajador Extraordinario Plenipotenciario de Panam\u00e1 en M\u00e9xico, de Rub\u00e9n Dario Santamar\u00eda Guerra, C\u00f3nsul General de Panam\u00e1 en Veracruz, de Jos\u00e9 Enochb Castellanos F\u00e9rez, Presidente Nacional de CANACINTRA, de representantes de la C\u00e1mara de Comercio M\u00e9xico-Panam\u00e1 y de los Sectores Agroindustrial y de Comercio Exterior de CANACINTRA Nacional.<\/p>\n\n\n\n<p class=\"wp-block-paragraph\">Para la realizaci\u00f3n del Foro se contar\u00e1 con el apoyo de las autoridades municipales, al igual se contar\u00e1 con la presencia del Congreso Nacional Agropecuario, del Consejo Empresarial Zona Norte de Veracruz de CANACO Poza Rica y de CANIRAC Poza Rica, por lo que consideran que ser\u00e1 la oportunidad para que las personas de la ciudad y de la regi\u00f3n puedan tener estrategias para crear buenos proyectos.<\/p>\n\n\n\n<p class=\"wp-block-paragraph\">Por lo que invitan a productores, industriales, empresarios, asociaciones, comerciantes, prestadores de servicios, c\u00e1maras empresariales, estudiantes, instituciones educativas, sociedad civil, medios de comunicaci\u00f3n y autoridades de los tres \u00f3rdenes de gobierno a participar en este evento y sumar esfuerzos en pro del desarrollo de nuestra querida regi\u00f3n.<\/p>\n\n\n\n<figure class=\"wp-block-gallery columns-1 wp-block-gallery-1 is-layout-flex wp-block-gallery-is-layout-flex\"><ul class=\"blocks-gallery-grid\"><li class=\"blocks-gallery-item\"><figure><img decoding=\"async\" src=\"https:\/\/www.enteratever.com\/2020\/wp-content\/uploads\/2021\/06\/2021EV0503.jpeg\" alt=\"\" data-id=\"48477\" data-full-url=\"https:\/\/www.enteratever.com\/2020\/wp-content\/uploads\/2021\/06\/2021EV0503.jpeg\" data-link=\"https:\/\/www.enteratever.com\/?attachment_id=48477\" class=\"wp-image-48477\"\/><\/figure><\/li><li class=\"blocks-gallery-item\"><figure><img decoding=\"async\" src=\"https:\/\/www.enteratever.com\/2020\/wp-content\/uploads\/2021\/06\/2021EV0502.jpeg\" alt=\"\" data-id=\"48478\" data-full-url=\"https:\/\/www.enteratever.com\/2020\/wp-content\/uploads\/2021\/06\/2021EV0502.jpeg\" data-link=\"https:\/\/www.enteratever.com\/?attachment_id=48478\" class=\"wp-image-48478\"\/><\/figure><\/li><li class=\"blocks-gallery-item\"><figure><img decoding=\"async\" src=\"https:\/\/www.enteratever.com\/2020\/wp-content\/uploads\/2021\/06\/2021EV0501.jpeg\" alt=\"\" data-id=\"48479\" data-full-url=\"https:\/\/www.enteratever.com\/2020\/wp-content\/uploads\/2021\/06\/2021EV0501.jpeg\" data-link=\"https:\/\/www.enteratever.com\/?attachment_id=48479\" class=\"wp-image-48479\"\/><\/figure><\/li><li class=\"blocks-gallery-item\"><figure><img decoding=\"async\" src=\"https:\/\/www.enteratever.com\/2020\/wp-content\/uploads\/2021\/06\/2021EV0500.jpeg\" alt=\"\" data-id=\"48480\" data-full-url=\"https:\/\/www.enteratever.com\/2020\/wp-content\/uploads\/2021\/06\/2021EV0500.jpeg\" data-link=\"https:\/\/www.enteratever.com\/?attachment_id=48480\" class=\"wp-image-48480\"\/><\/figure><\/li><\/ul><\/figure>\n","protected":false},"excerpt":{"rendered":"<p>Visitas: 0 Con el objetivo de contribuir a impulsar el desarrollo sostenible y diversificar las vocaciones productivas de la regi\u00f3n, la C\u00e1mara Nacional de la Industria de Transformaci\u00f3n (Canacintra) estar\u00e1 realizando el Foro de Desarrollo Agroindustrial Norte de Veracruz se se llevar\u00e1 el pr\u00f3ximo dos de julio en este municipio. De acuerdo con Adolfo Cruz [&hellip;]<\/p>\n","protected":false},"author":4,"featured_media":174008,"comment_status":"open","ping_status":"open","sticky":false,"template":"","format":"standard","meta":{"footnotes":""},"categories":[213],"tags":[],"class_list":["post-174007","post","type-post","status-publish","format-standard","has-post-thumbnail","category-poza-rica"],"nelio_content":{"isAutoShareEnabled":true,"autoShareEndMode":"never","automationSources":{"useCustomSentences":false,"customSentences":[]},"followers":[],"suggestedReferences":[],"efiUrl":"","efiAlt":"","highlights":[],"permalinkQueryArgs":[],"series":[]},"_links":{"self":[{"href":"https:\/\/www.enteratever.com\/2023\/wp-json\/wp\/v2\/posts\/174007","targetHints":{"allow":["GET"]}}],"collection":[{"href":"https:\/\/www.enteratever.com\/2023\/wp-json\/wp\/v2\/posts"}],"about":[{"href":"https:\/\/www.enteratever.com\/2023\/wp-json\/wp\/v2\/types\/post"}],"author":[{"embeddable":true,"href":"https:\/\/www.enteratever.com\/2023\/wp-json\/wp\/v2\/users\/4"}],"replies":[{"embeddable":true,"href":"https:\/\/www.enteratever.com\/2023\/wp-json\/wp\/v2\/comments?post=174007"}],"version-history":[{"count":0,"href":"https:\/\/www.enteratever.com\/2023\/wp-json\/wp\/v2\/posts\/174007\/revisions"}],"wp:featuredmedia":[{"embeddable":true,"href":"https:\/\/www.enteratever.com\/2023\/wp-json\/wp\/v2\/media\/174008"}],"wp:attachment":[{"href":"https:\/\/www.enteratever.com\/2023\/wp-json\/wp\/v2\/media?parent=174007"}],"wp:term":[{"taxonomy":"category","embeddable":true,"href":"https:\/\/www.enteratever.com\/2023\/wp-json\/wp\/v2\/categories?post=174007"},{"taxonomy":"post_tag","embeddable":true,"href":"https:\/\/www.enteratever.com\/2023\/wp-json\/wp\/v2\/tags?post=174007"}],"curies":[{"name":"wp","href":"https:\/\/api.w.org\/{rel}","templated":true}]}}