{"id":174005,"date":"2021-06-17T20:08:28","date_gmt":"2021-06-17T20:08:28","guid":{"rendered":"https:\/\/www.enteratever.com\/2023\/mercado-poza-rica-se-prepara-las-elecciones-del-nuevo-dirigente\/"},"modified":"2021-06-17T20:08:28","modified_gmt":"2021-06-17T20:08:28","slug":"mercado-poza-rica-se-prepara-las-elecciones-del-nuevo-dirigente","status":"publish","type":"post","link":"https:\/\/www.enteratever.com\/2023\/2021\/06\/17\/mercado-poza-rica-se-prepara-las-elecciones-del-nuevo-dirigente\/","title":{"rendered":"Mercado Poza Rica se prepara las elecciones del nuevo dirigente"},"content":{"rendered":"<p>Visitas: 35<\/p>\n<p class=\"wp-block-paragraph\">A fin de elegir al nuevo dirigente del mercado Poza Rica est\u00e1 semana se ha dado a conocer los requisitos que los comerciantes deber\u00e1n contar para poder participar en las elecciones internar que se estar\u00e1n llevando el pr\u00f3ximo 10 de julio por lo que los comerciantes tendr\u00e1n la oportunidad de platicar con sus compa\u00f1eros para buscar mejoras para este centro de abastos.<\/p>\n\n\n\n<p class=\"wp-block-paragraph\">De acuerdo con Sergio Dom\u00ednguez Garc\u00eda, Secretario General del Mercado Poza Rica, dijo que desde el pr\u00f3ximo 18 de junio se estar\u00e1n recibiendo las planillas de quienes est\u00e1n buscando ser el nuevo dirigente del mercado, por lo que hasta el momento solo tiene conocimiento de que son tres las planillas conformadas.<\/p>\n\n\n\n<p class=\"wp-block-paragraph\">Se\u00f1al\u00f3 que el objetivo de este proyecto es poder contar con representantes de los locatarios que siga buscando ben\u00e9ficos para los comerciantes, por lo que ha solicitado que las personas que est\u00e9n interesados a pesar de cualquier cosa contin\u00faen su proyecto y no lo abandonen como suele pasar.<\/p>\n\n\n\n<figure class=\"wp-block-image size-full\"><img decoding=\"async\" src=\"https:\/\/www.enteratever.com\/2020\/wp-content\/uploads\/2021\/06\/2021EV0456.jpeg\" alt=\"\" class=\"wp-image-48432\"\/><\/figure>\n\n\n\n<p class=\"wp-block-paragraph\">Dom\u00ednguez Garc\u00eda se\u00f1al\u00f3 que esperan que los comerciantes que buscan este cargo puedan visitar a sus compa\u00f1eros para darles a conocer su proyecto, dijo que despu\u00e9s del 18 que es cuando se dar\u00e1 la formalidad a las planillas los comerciantes tendr\u00e1n la oportunidad de realizar campa\u00f1a hasta antes del d\u00eda de la elecci\u00f3n.<\/p>\n\n\n\n<p class=\"wp-block-paragraph\">El dirigente del mercado asegur\u00f3 que est\u00e9 proceso ser\u00e1 unas alecciones limpias y seguras, mencion\u00f3 que deben de tener en mente que las personas que quede contar\u00e1 con el apoyo de los comerciantes para todo, por lo que se comprometen a respetar el resultado de la elecci\u00f3n.<\/p>\n","protected":false},"excerpt":{"rendered":"<p>Visitas: 35 A fin de elegir al nuevo dirigente del mercado Poza Rica est\u00e1 semana se ha dado a conocer los requisitos que los comerciantes deber\u00e1n contar para poder participar en las elecciones internar que se estar\u00e1n llevando el pr\u00f3ximo 10 de julio por lo que los comerciantes tendr\u00e1n la oportunidad de platicar con sus [&hellip;]<\/p>\n","protected":false},"author":4,"featured_media":174006,"comment_status":"open","ping_status":"open","sticky":false,"template":"","format":"standard","meta":{"footnotes":""},"categories":[213],"tags":[],"class_list":["post-174005","post","type-post","status-publish","format-standard","has-post-thumbnail","category-poza-rica"],"nelio_content":{"isAutoShareEnabled":true,"autoShareEndMode":"never","automationSources":{"useCustomSentences":false,"customSentences":[]},"followers":[],"suggestedReferences":[],"efiUrl":"","efiAlt":"","highlights":[],"permalinkQueryArgs":[],"series":[]},"_links":{"self":[{"href":"https:\/\/www.enteratever.com\/2023\/wp-json\/wp\/v2\/posts\/174005","targetHints":{"allow":["GET"]}}],"collection":[{"href":"https:\/\/www.enteratever.com\/2023\/wp-json\/wp\/v2\/posts"}],"about":[{"href":"https:\/\/www.enteratever.com\/2023\/wp-json\/wp\/v2\/types\/post"}],"author":[{"embeddable":true,"href":"https:\/\/www.enteratever.com\/2023\/wp-json\/wp\/v2\/users\/4"}],"replies":[{"embeddable":true,"href":"https:\/\/www.enteratever.com\/2023\/wp-json\/wp\/v2\/comments?post=174005"}],"version-history":[{"count":0,"href":"https:\/\/www.enteratever.com\/2023\/wp-json\/wp\/v2\/posts\/174005\/revisions"}],"wp:featuredmedia":[{"embeddable":true,"href":"https:\/\/www.enteratever.com\/2023\/wp-json\/wp\/v2\/media\/174006"}],"wp:attachment":[{"href":"https:\/\/www.enteratever.com\/2023\/wp-json\/wp\/v2\/media?parent=174005"}],"wp:term":[{"taxonomy":"category","embeddable":true,"href":"https:\/\/www.enteratever.com\/2023\/wp-json\/wp\/v2\/categories?post=174005"},{"taxonomy":"post_tag","embeddable":true,"href":"https:\/\/www.enteratever.com\/2023\/wp-json\/wp\/v2\/tags?post=174005"}],"curies":[{"name":"wp","href":"https:\/\/api.w.org\/{rel}","templated":true}]}}