{"id":174003,"date":"2021-06-16T21:51:21","date_gmt":"2021-06-16T21:51:21","guid":{"rendered":"https:\/\/www.enteratever.com\/2023\/incremento-de-ocupacion-hospitalaria-debido-a-covid-19\/"},"modified":"2021-06-16T21:51:21","modified_gmt":"2021-06-16T21:51:21","slug":"incremento-de-ocupacion-hospitalaria-debido-a-covid-19","status":"publish","type":"post","link":"https:\/\/www.enteratever.com\/2023\/2021\/06\/16\/incremento-de-ocupacion-hospitalaria-debido-a-covid-19\/","title":{"rendered":"Incremento de ocupaci\u00f3n hospitalaria debido a Covid-19"},"content":{"rendered":"<p>Visitas: 3<\/p>\n<p class=\"wp-block-paragraph\">El alcalde Francisco Javier Vel\u00e1zquez Vallejo, en sesi\u00f3n de cabildo confirm\u00f3 que en los \u00faltimos d\u00edas se ha registrado un aumento en los casos de covid-19, por lo que ha puesto alerta a las autoridades por el temor que se trate de la tercera ola de contagios de este virus que ha acabado con la vida de miles de personas en el municipio.<\/p>\n\n\n\n<p class=\"wp-block-paragraph\">La m\u00e1xima autoridad se\u00f1al\u00f3 que en el Hospital Regional la ocupaci\u00f3n de pacientes covid-19 es del 15 por ciento, en el Issste un 10 por ciento, en el IMSS, 10 por ciento y en el Hospital Regional de PEMEX un 4 por ciento, por lo que solicit\u00f3 a la poblaci\u00f3n a evitar exponerse para evitar poner su vida y la de sus familias en peligro.<\/p>\n\n\n\n<p class=\"wp-block-paragraph\">Vel\u00e1zquez Vallejo consider\u00f3 que est\u00e9 aumento podr\u00eda ser debido a los mitines pol\u00edticos en donde hubo candidatos que no respetaron lo solicitado por las autoridades de salud ya que en estos se registraban aglomeraciones de personas, por lo que es necesario que las personas se sigan cuidando.<\/p>\n\n\n\n<p class=\"wp-block-paragraph\">Por otra parte el alcalde habl\u00f3 sobre su inter\u00e9s de realizar una placa en honor a todas las personas que han perdido la vida debido a esta enfermedad, por lo que la propuesta ser\u00e1 revisada y analizada al igual se buscar\u00e1 el lugar en donde ser\u00eda instalada y cuando se comenzar\u00edan los trabajos.<\/p>\n\n\n\n<p class=\"wp-block-paragraph\">Cabe destacar que fue durante este mes cuando  funcionarios perdieron la vida a causa del covid-19, es por eso que las autoridades hacen un llamado a la poblaci\u00f3n para no bajar la guardia, pues sabe que con las vacunas esto les ha permitido tener una esperanza, pero no que seguir cuid\u00e1ndose para no volver caer en la misma situaci\u00f3n.<\/p>\n","protected":false},"excerpt":{"rendered":"<p>Visitas: 3 El alcalde Francisco Javier Vel\u00e1zquez Vallejo, en sesi\u00f3n de cabildo confirm\u00f3 que en los \u00faltimos d\u00edas se ha registrado un aumento en los casos de covid-19, por lo que ha puesto alerta a las autoridades por el temor que se trate de la tercera ola de contagios de este virus que ha acabado [&hellip;]<\/p>\n","protected":false},"author":4,"featured_media":174004,"comment_status":"open","ping_status":"open","sticky":false,"template":"","format":"standard","meta":{"footnotes":""},"categories":[213],"tags":[],"class_list":["post-174003","post","type-post","status-publish","format-standard","has-post-thumbnail","category-poza-rica"],"nelio_content":{"isAutoShareEnabled":true,"autoShareEndMode":"never","automationSources":{"useCustomSentences":false,"customSentences":[]},"followers":[],"suggestedReferences":[],"efiUrl":"","efiAlt":"","highlights":[],"permalinkQueryArgs":[],"series":[]},"_links":{"self":[{"href":"https:\/\/www.enteratever.com\/2023\/wp-json\/wp\/v2\/posts\/174003","targetHints":{"allow":["GET"]}}],"collection":[{"href":"https:\/\/www.enteratever.com\/2023\/wp-json\/wp\/v2\/posts"}],"about":[{"href":"https:\/\/www.enteratever.com\/2023\/wp-json\/wp\/v2\/types\/post"}],"author":[{"embeddable":true,"href":"https:\/\/www.enteratever.com\/2023\/wp-json\/wp\/v2\/users\/4"}],"replies":[{"embeddable":true,"href":"https:\/\/www.enteratever.com\/2023\/wp-json\/wp\/v2\/comments?post=174003"}],"version-history":[{"count":0,"href":"https:\/\/www.enteratever.com\/2023\/wp-json\/wp\/v2\/posts\/174003\/revisions"}],"wp:featuredmedia":[{"embeddable":true,"href":"https:\/\/www.enteratever.com\/2023\/wp-json\/wp\/v2\/media\/174004"}],"wp:attachment":[{"href":"https:\/\/www.enteratever.com\/2023\/wp-json\/wp\/v2\/media?parent=174003"}],"wp:term":[{"taxonomy":"category","embeddable":true,"href":"https:\/\/www.enteratever.com\/2023\/wp-json\/wp\/v2\/categories?post=174003"},{"taxonomy":"post_tag","embeddable":true,"href":"https:\/\/www.enteratever.com\/2023\/wp-json\/wp\/v2\/tags?post=174003"}],"curies":[{"name":"wp","href":"https:\/\/api.w.org\/{rel}","templated":true}]}}