{"id":173996,"date":"2021-06-15T23:24:32","date_gmt":"2021-06-15T23:24:32","guid":{"rendered":"https:\/\/www.enteratever.com\/2023\/9-de-agosto-tentativo-regreso-a-clases-presenciales\/"},"modified":"2021-06-15T23:24:32","modified_gmt":"2021-06-15T23:24:32","slug":"9-de-agosto-tentativo-regreso-a-clases-presenciales","status":"publish","type":"post","link":"https:\/\/www.enteratever.com\/2023\/2021\/06\/15\/9-de-agosto-tentativo-regreso-a-clases-presenciales\/","title":{"rendered":"9 de agosto tentativo regreso a clases presenciales"},"content":{"rendered":"<p>Visitas: 0<\/p>\n<p class=\"wp-block-paragraph\">Poza Rica, Veracruz.- De acuerdo con Jaime Herrera Flores, regidor comisionado en educaci\u00f3n se\u00f1al\u00f3 que tentativamente ser\u00e1 el pr\u00f3ximo nueve de agosto ser\u00e1 el regreso a clases, es por eso que las instituciones educativas se preparan con acciones de limpieza, para contar con los espacios adecuados en determinado caso de que los estudiantes se reincorporen a las clases presenciales.<\/p>\n\n\n\n<p class=\"wp-block-paragraph\">Un promedio de 120 instituciones educativas en las que se est\u00e1n realizando trabajos de limpieza, ya que la mayor\u00eda de estos se encontraban en el abandono, es por eso que se est\u00e1n aplicando estrategias para el mantenimiento de los planteles educativos, por lo que espera que a trav\u00e9s de estas puedan trabajar de la mejor manera para que una vez que los estudiantes regresen a clases las escuelas se encuentren en buenas condiciones.<\/p>\n\n\n\n<p class=\"wp-block-paragraph\">Herrera Flores indic\u00f3 que son alrededor de 120 escuelas, las cuales desde hace m\u00e1s de un a\u00f1o se encuentran en esta situaci\u00f3n debido a la pandemia del covid-19, por lo que espera que el sem\u00e1foro epidemiologico les permita que los ni\u00f1os y j\u00f3venes del municipio puedan regresar a las clases presenciales, ya que esto debido a que estos presentan un retraso en su aprendizaje.<\/p>\n\n\n\n<p class=\"wp-block-paragraph\">Al igual se\u00f1al\u00f3 que de regresar a clases presenciales de manera escalonada y se estar\u00e1n comprometiendo a cumplir las medidas sanitarias que el sector salud ha dado a conocer, por lo que espera que los estudiantes de la entidad puedan volver a los salones de clases.<\/p>\n\n\n\n<p class=\"wp-block-paragraph\">Por \u00faltimo dijo que no cuentan con reportes de instituciones que hayan sido vandalizadas o que se registraran robos ya que muchas veces los directores no suelen avisar a las autoridades municipales para que estos intervengan y muchas veces se enteran gracias a los medio de comunicaci\u00f3n o por qu\u00e9 cuando sale a recorridos los docentes se acerca a el a contarle de lo sucedido.<\/p>\n\n\n\n<figure class=\"wp-block-gallery columns-1 wp-block-gallery-1 is-layout-flex wp-block-gallery-is-layout-flex\"><ul class=\"blocks-gallery-grid\"><li class=\"blocks-gallery-item\"><figure><img decoding=\"async\" src=\"https:\/\/www.enteratever.com\/2020\/wp-content\/uploads\/2021\/06\/2021EV0396.jpeg\" alt=\"\" data-id=\"48182\" data-full-url=\"https:\/\/www.enteratever.com\/2020\/wp-content\/uploads\/2021\/06\/2021EV0396.jpeg\" data-link=\"https:\/\/www.enteratever.com\/?attachment_id=48182\" class=\"wp-image-48182\"\/><\/figure><\/li><li class=\"blocks-gallery-item\"><figure><img decoding=\"async\" src=\"https:\/\/www.enteratever.com\/2020\/wp-content\/uploads\/2021\/06\/2021EV0395.jpeg\" alt=\"\" data-id=\"48183\" data-full-url=\"https:\/\/www.enteratever.com\/2020\/wp-content\/uploads\/2021\/06\/2021EV0395.jpeg\" data-link=\"https:\/\/www.enteratever.com\/?attachment_id=48183\" class=\"wp-image-48183\"\/><\/figure><\/li><li class=\"blocks-gallery-item\"><figure><img decoding=\"async\" src=\"https:\/\/www.enteratever.com\/2020\/wp-content\/uploads\/2021\/06\/2021EV0394.jpeg\" alt=\"\" data-id=\"48184\" data-full-url=\"https:\/\/www.enteratever.com\/2020\/wp-content\/uploads\/2021\/06\/2021EV0394.jpeg\" data-link=\"https:\/\/www.enteratever.com\/?attachment_id=48184\" class=\"wp-image-48184\"\/><\/figure><\/li><\/ul><\/figure>\n","protected":false},"excerpt":{"rendered":"<p>Visitas: 0 Poza Rica, Veracruz.- De acuerdo con Jaime Herrera Flores, regidor comisionado en educaci\u00f3n se\u00f1al\u00f3 que tentativamente ser\u00e1 el pr\u00f3ximo nueve de agosto ser\u00e1 el regreso a clases, es por eso que las instituciones educativas se preparan con acciones de limpieza, para contar con los espacios adecuados en determinado caso de que los estudiantes [&hellip;]<\/p>\n","protected":false},"author":4,"featured_media":173997,"comment_status":"open","ping_status":"open","sticky":false,"template":"","format":"standard","meta":{"footnotes":""},"categories":[213],"tags":[],"class_list":["post-173996","post","type-post","status-publish","format-standard","has-post-thumbnail","category-poza-rica"],"nelio_content":{"isAutoShareEnabled":true,"autoShareEndMode":"never","automationSources":{"useCustomSentences":false,"customSentences":[]},"followers":[],"suggestedReferences":[],"efiUrl":"","efiAlt":"","highlights":[],"permalinkQueryArgs":[],"series":[]},"_links":{"self":[{"href":"https:\/\/www.enteratever.com\/2023\/wp-json\/wp\/v2\/posts\/173996","targetHints":{"allow":["GET"]}}],"collection":[{"href":"https:\/\/www.enteratever.com\/2023\/wp-json\/wp\/v2\/posts"}],"about":[{"href":"https:\/\/www.enteratever.com\/2023\/wp-json\/wp\/v2\/types\/post"}],"author":[{"embeddable":true,"href":"https:\/\/www.enteratever.com\/2023\/wp-json\/wp\/v2\/users\/4"}],"replies":[{"embeddable":true,"href":"https:\/\/www.enteratever.com\/2023\/wp-json\/wp\/v2\/comments?post=173996"}],"version-history":[{"count":0,"href":"https:\/\/www.enteratever.com\/2023\/wp-json\/wp\/v2\/posts\/173996\/revisions"}],"wp:featuredmedia":[{"embeddable":true,"href":"https:\/\/www.enteratever.com\/2023\/wp-json\/wp\/v2\/media\/173997"}],"wp:attachment":[{"href":"https:\/\/www.enteratever.com\/2023\/wp-json\/wp\/v2\/media?parent=173996"}],"wp:term":[{"taxonomy":"category","embeddable":true,"href":"https:\/\/www.enteratever.com\/2023\/wp-json\/wp\/v2\/categories?post=173996"},{"taxonomy":"post_tag","embeddable":true,"href":"https:\/\/www.enteratever.com\/2023\/wp-json\/wp\/v2\/tags?post=173996"}],"curies":[{"name":"wp","href":"https:\/\/api.w.org\/{rel}","templated":true}]}}