{"id":173966,"date":"2021-06-11T00:10:15","date_gmt":"2021-06-11T00:10:15","guid":{"rendered":"https:\/\/www.enteratever.com\/2023\/entregan-constancia-de-mayoria-a-fernando-remes\/"},"modified":"2021-06-11T00:10:15","modified_gmt":"2021-06-11T00:10:15","slug":"entregan-constancia-de-mayoria-a-fernando-remes","status":"publish","type":"post","link":"https:\/\/www.enteratever.com\/2023\/2021\/06\/11\/entregan-constancia-de-mayoria-a-fernando-remes\/","title":{"rendered":"Entregan constancia de mayor\u00eda a Fernando Remes"},"content":{"rendered":"<p>Visitas: 0<\/p>\n<p class=\"wp-block-paragraph\">Poza Rica, Veracruz.- Entregan constancia de mayor\u00eda a Fernando Remes Garza, presidente electo por la coalici\u00f3n Juntos Haremos Historia, el cual luego de varias inconsistencia que se hab\u00edan presentado en el conteo de votos al mediod\u00eda de este jueves el ahora presidente acompa\u00f1ado de la sindica y militancia arribaron a las oficinas del Organismo P\u00fablico Local Electoral (Ople).<\/p>\n\n\n\n<p class=\"wp-block-paragraph\">A su llegada dijo que el estar\u00e1 trabajando para tener un mejor Poza Rica, se\u00f1al\u00f3 que se siente contento  de los resultado de la elecci\u00f3n, pues es el pueblo quien pone y quita, por lo que agradeci\u00f3 a la ciudadan\u00eda por permitirle ser su pr\u00f3ximo presidente municipal, est\u00e1 seguro que no los va a defraudar.<\/p>\n\n\n\n<iframe loading=\"lazy\" src=\"https:\/\/www.facebook.com\/plugins\/video.php?height=280&#038;href=https%3A%2F%2Fwww.facebook.com%2FEnteratevercom%2Fvideos%2F184457623682489%2F&#038;show_text=false&#038;width=560&#038;t=0\" width=\"560\" height=\"280\" style=\"border:none;overflow:hidden\" scrolling=\"no\" frameborder=\"0\" allowfullscreen=\"true\" allow=\"autoplay; clipboard-write; encrypted-media; picture-in-picture; web-share\" allowFullScreen=\"true\"><\/iframe>\n\n\n\n<p class=\"wp-block-paragraph\">Posteriormente ingreso a la oficina en donde a puerta cerrada por protocolo sanitario solo ingresaron Fernando Remes, Lizeth Guerra M\u00e9ndez, quien ser\u00e1 la pr\u00f3xima S\u00edndico \u00danica y representantes del partido para corroborar que se llevar\u00e1 dicho proceso.<\/p>\n\n\n\n<p class=\"wp-block-paragraph\">Posteriormente a su salida mencion\u00f3 que estar\u00e1 trabajando para tener un mejor Poza Rica, el estar\u00e1 cumpliendo cada una de sus propuestas, pues en su caminar por las colonias de Poza Rica pudo tener una visi\u00f3n de que es lo primordial en este momento en el municipio y no hacer por hacer.<\/p>\n\n\n\n<iframe loading=\"lazy\" src=\"https:\/\/www.facebook.com\/plugins\/video.php?height=280&#038;href=https%3A%2F%2Fwww.facebook.com%2FEnteratevercom%2Fvideos%2F559126408604430%2F&#038;show_text=false&#038;width=560&#038;t=0\" width=\"560\" height=\"280\" style=\"border:none;overflow:hidden\" scrolling=\"no\" frameborder=\"0\" allowfullscreen=\"true\" allow=\"autoplay; clipboard-write; encrypted-media; picture-in-picture; web-share\" allowFullScreen=\"true\"><\/iframe>\n\n\n\n<p class=\"wp-block-paragraph\">Destac\u00f3 que su gobierno ser\u00e1 de puertas abiertas, que tendr\u00e1 un acercamiento con la ciudadan\u00eda, pues fue el pueblo de Poza Rica quien le dio la victoria, al igual agradeci\u00f3 y felicit\u00f3 a Lizeth Guerra M\u00e9ndez por ser la \u00fanica que siempre lo estuvo acompa\u00f1ado en los recorridos y por el gran triunfo de Morena en el municipio.<\/p>\n\n\n\n<figure class=\"wp-block-gallery columns-1 wp-block-gallery-1 is-layout-flex wp-block-gallery-is-layout-flex\"><ul class=\"blocks-gallery-grid\"><li class=\"blocks-gallery-item\"><figure><img decoding=\"async\" src=\"https:\/\/www.enteratever.com\/2020\/wp-content\/uploads\/2021\/06\/2021EV0322.jpeg\" alt=\"\" data-id=\"47928\" data-full-url=\"https:\/\/www.enteratever.com\/2020\/wp-content\/uploads\/2021\/06\/2021EV0322.jpeg\" data-link=\"https:\/\/www.enteratever.com\/?attachment_id=47928\" class=\"wp-image-47928\"\/><\/figure><\/li><li class=\"blocks-gallery-item\"><figure><img decoding=\"async\" src=\"https:\/\/www.enteratever.com\/2020\/wp-content\/uploads\/2021\/06\/2021EV0323.jpeg\" alt=\"\" data-id=\"47929\" data-full-url=\"https:\/\/www.enteratever.com\/2020\/wp-content\/uploads\/2021\/06\/2021EV0323.jpeg\" data-link=\"https:\/\/www.enteratever.com\/?attachment_id=47929\" class=\"wp-image-47929\"\/><\/figure><\/li><li class=\"blocks-gallery-item\"><figure><img decoding=\"async\" src=\"https:\/\/www.enteratever.com\/2020\/wp-content\/uploads\/2021\/06\/2021EV0324.jpeg\" alt=\"\" data-id=\"47930\" data-full-url=\"https:\/\/www.enteratever.com\/2020\/wp-content\/uploads\/2021\/06\/2021EV0324.jpeg\" data-link=\"https:\/\/www.enteratever.com\/?attachment_id=47930\" class=\"wp-image-47930\"\/><\/figure><\/li><li class=\"blocks-gallery-item\"><figure><img decoding=\"async\" src=\"https:\/\/www.enteratever.com\/2020\/wp-content\/uploads\/2021\/06\/2021EV0325.jpeg\" alt=\"\" data-id=\"47931\" data-full-url=\"https:\/\/www.enteratever.com\/2020\/wp-content\/uploads\/2021\/06\/2021EV0325.jpeg\" data-link=\"https:\/\/www.enteratever.com\/?attachment_id=47931\" class=\"wp-image-47931\"\/><\/figure><\/li><li class=\"blocks-gallery-item\"><figure><img decoding=\"async\" src=\"https:\/\/www.enteratever.com\/2020\/wp-content\/uploads\/2021\/06\/2021EV0326.jpeg\" alt=\"\" data-id=\"47932\" data-full-url=\"https:\/\/www.enteratever.com\/2020\/wp-content\/uploads\/2021\/06\/2021EV0326.jpeg\" data-link=\"https:\/\/www.enteratever.com\/?attachment_id=47932\" class=\"wp-image-47932\"\/><\/figure><\/li><li class=\"blocks-gallery-item\"><figure><img decoding=\"async\" src=\"https:\/\/www.enteratever.com\/2020\/wp-content\/uploads\/2021\/06\/2021EV0327.jpeg\" alt=\"\" data-id=\"47933\" data-full-url=\"https:\/\/www.enteratever.com\/2020\/wp-content\/uploads\/2021\/06\/2021EV0327.jpeg\" data-link=\"https:\/\/www.enteratever.com\/?attachment_id=47933\" class=\"wp-image-47933\"\/><\/figure><\/li><\/ul><\/figure>\n","protected":false},"excerpt":{"rendered":"<p>Visitas: 0 Poza Rica, Veracruz.- Entregan constancia de mayor\u00eda a Fernando Remes Garza, presidente electo por la coalici\u00f3n Juntos Haremos Historia, el cual luego de varias inconsistencia que se hab\u00edan presentado en el conteo de votos al mediod\u00eda de este jueves el ahora presidente acompa\u00f1ado de la sindica y militancia arribaron a las oficinas del [&hellip;]<\/p>\n","protected":false},"author":4,"featured_media":173967,"comment_status":"open","ping_status":"open","sticky":false,"template":"","format":"standard","meta":{"footnotes":""},"categories":[213],"tags":[],"class_list":["post-173966","post","type-post","status-publish","format-standard","has-post-thumbnail","category-poza-rica"],"nelio_content":{"isAutoShareEnabled":true,"autoShareEndMode":"never","automationSources":{"useCustomSentences":false,"customSentences":[]},"followers":[],"suggestedReferences":[],"efiUrl":"","efiAlt":"","highlights":[],"permalinkQueryArgs":[],"series":[]},"_links":{"self":[{"href":"https:\/\/www.enteratever.com\/2023\/wp-json\/wp\/v2\/posts\/173966","targetHints":{"allow":["GET"]}}],"collection":[{"href":"https:\/\/www.enteratever.com\/2023\/wp-json\/wp\/v2\/posts"}],"about":[{"href":"https:\/\/www.enteratever.com\/2023\/wp-json\/wp\/v2\/types\/post"}],"author":[{"embeddable":true,"href":"https:\/\/www.enteratever.com\/2023\/wp-json\/wp\/v2\/users\/4"}],"replies":[{"embeddable":true,"href":"https:\/\/www.enteratever.com\/2023\/wp-json\/wp\/v2\/comments?post=173966"}],"version-history":[{"count":0,"href":"https:\/\/www.enteratever.com\/2023\/wp-json\/wp\/v2\/posts\/173966\/revisions"}],"wp:featuredmedia":[{"embeddable":true,"href":"https:\/\/www.enteratever.com\/2023\/wp-json\/wp\/v2\/media\/173967"}],"wp:attachment":[{"href":"https:\/\/www.enteratever.com\/2023\/wp-json\/wp\/v2\/media?parent=173966"}],"wp:term":[{"taxonomy":"category","embeddable":true,"href":"https:\/\/www.enteratever.com\/2023\/wp-json\/wp\/v2\/categories?post=173966"},{"taxonomy":"post_tag","embeddable":true,"href":"https:\/\/www.enteratever.com\/2023\/wp-json\/wp\/v2\/tags?post=173966"}],"curies":[{"name":"wp","href":"https:\/\/api.w.org\/{rel}","templated":true}]}}