{"id":173954,"date":"2021-06-10T00:30:10","date_gmt":"2021-06-10T00:30:10","guid":{"rendered":"https:\/\/www.enteratever.com\/2023\/en-julio-se-estara-pagando-a-los-adultos-mayores\/"},"modified":"2021-06-10T00:30:10","modified_gmt":"2021-06-10T00:30:10","slug":"en-julio-se-estara-pagando-a-los-adultos-mayores","status":"publish","type":"post","link":"https:\/\/www.enteratever.com\/2023\/2021\/06\/10\/en-julio-se-estara-pagando-a-los-adultos-mayores\/","title":{"rendered":"En julio se estar\u00e1 pagando a los adultos mayores"},"content":{"rendered":"<p>Visitas: 2<\/p>\n<p class=\"wp-block-paragraph\">Poza Rica, Veracruz.- Durante la visita del delegado de programas sociales del bienestar en la entidad veracruzana, Manuel Huerta Ladr\u00f3n de Guevara, dio a conocer que ser\u00e1 a partir del mes de julio cuando se reactiva el pago a personas de la tercera edad y para las personas con alguna discapacidad.<\/p>\n\n\n\n<p class=\"wp-block-paragraph\">En entrevista Ladr\u00f3n de Guevara coment\u00f3 que podr\u00eda incrementar en el momento de pago, correspondiente a los beneficiados con este programa de pensiones, al igual ya se podr\u00e1n inscribir las personas de 65 a\u00f1os, por lo que piden a la poblaci\u00f3n de este rango de edad que sean pacientes con los tr\u00e1mites.<\/p>\n\n\n\n<p class=\"wp-block-paragraph\">Para poder realizar el tr\u00e1mite es necesario que las personas cuenten con una identificaci\u00f3n oficial, acta de nacimiento, CURP y comprobante de domicilio; adem\u00e1s de nombrar a un auxiliar de confianza que deber\u00e1 presentar los mismos documentos.<\/p>\n\n\n\n<p class=\"wp-block-paragraph\">En este d\u00eda el funcionario estuvo realizando un recorrido para verificar el funcionamiento de las dos sedes de aplicaciones de la segunda dosis de vacuna contra el COVID-19 para adultos de 50 a 59 a\u00f1os de edad en esta ciudad, por lo que se\u00f1al\u00f3 que hasta el momento todo ha llevado de la mejor forma y sin ning\u00fan problema.<\/p>\n\n\n\n<p class=\"wp-block-paragraph\">Afirm\u00f3 que estas jornadas de vacunaci\u00f3n en Veracruz han sido exitosas y continuar\u00e1n con la estrategia de puntos estrat\u00e9gicos en donde de manera masiva se har\u00e1 la inoculaci\u00f3n para los grupos de 40 a 49 a\u00f1os de edad, aunque a\u00fan no hay fechas definidas.<\/p>\n\n\n\n<figure class=\"wp-block-gallery columns-1 wp-block-gallery-1 is-layout-flex wp-block-gallery-is-layout-flex\"><ul class=\"blocks-gallery-grid\"><li class=\"blocks-gallery-item\"><figure><img decoding=\"async\" src=\"https:\/\/www.enteratever.com\/2020\/wp-content\/uploads\/2021\/06\/2021EV0229.jpeg\" alt=\"\" data-id=\"47801\" data-full-url=\"https:\/\/www.enteratever.com\/2020\/wp-content\/uploads\/2021\/06\/2021EV0229.jpeg\" data-link=\"https:\/\/www.enteratever.com\/?attachment_id=47801\" class=\"wp-image-47801\"\/><\/figure><\/li><li class=\"blocks-gallery-item\"><figure><img decoding=\"async\" src=\"https:\/\/www.enteratever.com\/2020\/wp-content\/uploads\/2021\/06\/2021EV0230.jpeg\" alt=\"\" data-id=\"47802\" data-full-url=\"https:\/\/www.enteratever.com\/2020\/wp-content\/uploads\/2021\/06\/2021EV0230.jpeg\" data-link=\"https:\/\/www.enteratever.com\/?attachment_id=47802\" class=\"wp-image-47802\"\/><\/figure><\/li><li class=\"blocks-gallery-item\"><figure><img decoding=\"async\" src=\"https:\/\/www.enteratever.com\/2020\/wp-content\/uploads\/2021\/06\/2021EV0227.jpeg\" alt=\"\" data-id=\"47803\" data-full-url=\"https:\/\/www.enteratever.com\/2020\/wp-content\/uploads\/2021\/06\/2021EV0227.jpeg\" data-link=\"https:\/\/www.enteratever.com\/?attachment_id=47803\" class=\"wp-image-47803\"\/><\/figure><\/li><li class=\"blocks-gallery-item\"><figure><img decoding=\"async\" src=\"https:\/\/www.enteratever.com\/2020\/wp-content\/uploads\/2021\/06\/2021EV0228.jpeg\" alt=\"\" data-id=\"47804\" data-full-url=\"https:\/\/www.enteratever.com\/2020\/wp-content\/uploads\/2021\/06\/2021EV0228.jpeg\" data-link=\"https:\/\/www.enteratever.com\/?attachment_id=47804\" class=\"wp-image-47804\"\/><\/figure><\/li><\/ul><\/figure>\n","protected":false},"excerpt":{"rendered":"<p>Visitas: 2 Poza Rica, Veracruz.- Durante la visita del delegado de programas sociales del bienestar en la entidad veracruzana, Manuel Huerta Ladr\u00f3n de Guevara, dio a conocer que ser\u00e1 a partir del mes de julio cuando se reactiva el pago a personas de la tercera edad y para las personas con alguna discapacidad. En entrevista [&hellip;]<\/p>\n","protected":false},"author":4,"featured_media":173955,"comment_status":"open","ping_status":"open","sticky":false,"template":"","format":"standard","meta":{"footnotes":""},"categories":[213],"tags":[],"class_list":["post-173954","post","type-post","status-publish","format-standard","has-post-thumbnail","category-poza-rica"],"nelio_content":{"isAutoShareEnabled":true,"autoShareEndMode":"never","automationSources":{"useCustomSentences":false,"customSentences":[]},"followers":[],"suggestedReferences":[],"efiUrl":"","efiAlt":"","highlights":[],"permalinkQueryArgs":[],"series":[]},"_links":{"self":[{"href":"https:\/\/www.enteratever.com\/2023\/wp-json\/wp\/v2\/posts\/173954","targetHints":{"allow":["GET"]}}],"collection":[{"href":"https:\/\/www.enteratever.com\/2023\/wp-json\/wp\/v2\/posts"}],"about":[{"href":"https:\/\/www.enteratever.com\/2023\/wp-json\/wp\/v2\/types\/post"}],"author":[{"embeddable":true,"href":"https:\/\/www.enteratever.com\/2023\/wp-json\/wp\/v2\/users\/4"}],"replies":[{"embeddable":true,"href":"https:\/\/www.enteratever.com\/2023\/wp-json\/wp\/v2\/comments?post=173954"}],"version-history":[{"count":0,"href":"https:\/\/www.enteratever.com\/2023\/wp-json\/wp\/v2\/posts\/173954\/revisions"}],"wp:featuredmedia":[{"embeddable":true,"href":"https:\/\/www.enteratever.com\/2023\/wp-json\/wp\/v2\/media\/173955"}],"wp:attachment":[{"href":"https:\/\/www.enteratever.com\/2023\/wp-json\/wp\/v2\/media?parent=173954"}],"wp:term":[{"taxonomy":"category","embeddable":true,"href":"https:\/\/www.enteratever.com\/2023\/wp-json\/wp\/v2\/categories?post=173954"},{"taxonomy":"post_tag","embeddable":true,"href":"https:\/\/www.enteratever.com\/2023\/wp-json\/wp\/v2\/tags?post=173954"}],"curies":[{"name":"wp","href":"https:\/\/api.w.org\/{rel}","templated":true}]}}