{"id":173944,"date":"2021-06-08T21:07:03","date_gmt":"2021-06-08T21:07:03","guid":{"rendered":"https:\/\/www.enteratever.com\/2023\/uv-contara-con-centros-de-atencion-medica-para-personal-en-la-region-poza-rica-tuxpan\/"},"modified":"2021-06-08T21:07:03","modified_gmt":"2021-06-08T21:07:03","slug":"uv-contara-con-centros-de-atencion-medica-para-personal-en-la-region-poza-rica-tuxpan","status":"publish","type":"post","link":"https:\/\/www.enteratever.com\/2023\/2021\/06\/08\/uv-contara-con-centros-de-atencion-medica-para-personal-en-la-region-poza-rica-tuxpan\/","title":{"rendered":"UV contar\u00e1 con centros de atenci\u00f3n m\u00e9dica para personal en la regi\u00f3n Poza Rica-Tuxpan"},"content":{"rendered":"<p>Visitas: 1<\/p>\n<p class=\"wp-block-paragraph\">Se inaugura el primer centro de atenci\u00f3n m\u00e9dica en la Universidad Veracruzana (UV) en la regi\u00f3n Poza Rica-Tuxpan, esto a fin de que el personal de la m\u00e1xima casa de estudios tenga una cultura de la prevenci\u00f3n de la salud, este es el primero de muchos que se estar\u00e1n instalando en las diferentes facultades de la entidad.<\/p>\n\n\n\n<p class=\"wp-block-paragraph\">Dicho centro estar\u00e1 cargo de Jos\u00e9 Luis Alan\u00eds M\u00e9ndez, Vicerrector de la UV, el cual agradeci\u00f3 a la la rectora de la Universidad Veracruzana, Sara Ladr\u00f3n de Guevara, por el inter\u00e9s de proteger al personal de la universidad como tambi\u00e9n de los estudiantes, ya que durante su administraci\u00f3n ha velado por la seguridad de todos y buscar grandes beneficios.<\/p>\n\n\n\n<p class=\"wp-block-paragraph\">Este centro estar\u00e1 beneficiando a un aproximado de 927 personas, trabajadores de la Universidad Veracruzana, entre docentes y administrativos, logrando as\u00ed agilizar la atenci\u00f3n m\u00e9dica para los mismos, resalt\u00f3 que las instalaciones cuentan con con la m\u00e1s alta tecnol\u00f3gica, por lo que se busca lograr una cultura de la prevenci\u00f3n y promoci\u00f3n de la salud, en beneficio de la m\u00e1xima casa de estudios.<\/p>\n\n\n\n<p class=\"wp-block-paragraph\">Por su parte Sara Ladr\u00f3n de Guevara, dijo que con esta gira anuncia el final de su administraci\u00f3n, por lo que a la persona que tendr\u00e1 la oportunidad de ocupar la rector\u00eda debe de saber que tendr\u00e1n a la misma comunidad trabajando, de manera que tendr\u00e1 que liderar y los esfuerzos de la comunidad que trabaja d\u00eda a d\u00eda pero lo que les corresponde es la gesti\u00f3n hacia fuera, para que el presupuesto no haga falta y se pueda apoyar a los trabajadores.<\/p>\n\n\n\n<figure class=\"wp-block-gallery columns-1 wp-block-gallery-1 is-layout-flex wp-block-gallery-is-layout-flex\"><ul class=\"blocks-gallery-grid\"><li class=\"blocks-gallery-item\"><figure><img decoding=\"async\" src=\"https:\/\/www.enteratever.com\/2020\/wp-content\/uploads\/2021\/06\/2021EV0171.jpeg\" alt=\"\" data-id=\"47673\" data-full-url=\"https:\/\/www.enteratever.com\/2020\/wp-content\/uploads\/2021\/06\/2021EV0171.jpeg\" data-link=\"https:\/\/www.enteratever.com\/?attachment_id=47673\" class=\"wp-image-47673\"\/><\/figure><\/li><li class=\"blocks-gallery-item\"><figure><img decoding=\"async\" src=\"https:\/\/www.enteratever.com\/2020\/wp-content\/uploads\/2021\/06\/2021EV0170.jpeg\" alt=\"\" data-id=\"47674\" data-full-url=\"https:\/\/www.enteratever.com\/2020\/wp-content\/uploads\/2021\/06\/2021EV0170.jpeg\" data-link=\"https:\/\/www.enteratever.com\/?attachment_id=47674\" class=\"wp-image-47674\"\/><\/figure><\/li><li class=\"blocks-gallery-item\"><figure><img decoding=\"async\" src=\"https:\/\/www.enteratever.com\/2020\/wp-content\/uploads\/2021\/06\/2021EV0169.jpeg\" alt=\"\" data-id=\"47675\" data-full-url=\"https:\/\/www.enteratever.com\/2020\/wp-content\/uploads\/2021\/06\/2021EV0169.jpeg\" data-link=\"https:\/\/www.enteratever.com\/?attachment_id=47675\" class=\"wp-image-47675\"\/><\/figure><\/li><\/ul><\/figure>\n","protected":false},"excerpt":{"rendered":"<p>Visitas: 1 Se inaugura el primer centro de atenci\u00f3n m\u00e9dica en la Universidad Veracruzana (UV) en la regi\u00f3n Poza Rica-Tuxpan, esto a fin de que el personal de la m\u00e1xima casa de estudios tenga una cultura de la prevenci\u00f3n de la salud, este es el primero de muchos que se estar\u00e1n instalando en las diferentes [&hellip;]<\/p>\n","protected":false},"author":4,"featured_media":173945,"comment_status":"open","ping_status":"open","sticky":false,"template":"","format":"standard","meta":{"footnotes":""},"categories":[213],"tags":[],"class_list":["post-173944","post","type-post","status-publish","format-standard","has-post-thumbnail","category-poza-rica"],"nelio_content":{"isAutoShareEnabled":true,"autoShareEndMode":"never","automationSources":{"useCustomSentences":false,"customSentences":[]},"followers":[],"suggestedReferences":[],"efiUrl":"","efiAlt":"","highlights":[],"permalinkQueryArgs":[],"series":[]},"_links":{"self":[{"href":"https:\/\/www.enteratever.com\/2023\/wp-json\/wp\/v2\/posts\/173944","targetHints":{"allow":["GET"]}}],"collection":[{"href":"https:\/\/www.enteratever.com\/2023\/wp-json\/wp\/v2\/posts"}],"about":[{"href":"https:\/\/www.enteratever.com\/2023\/wp-json\/wp\/v2\/types\/post"}],"author":[{"embeddable":true,"href":"https:\/\/www.enteratever.com\/2023\/wp-json\/wp\/v2\/users\/4"}],"replies":[{"embeddable":true,"href":"https:\/\/www.enteratever.com\/2023\/wp-json\/wp\/v2\/comments?post=173944"}],"version-history":[{"count":0,"href":"https:\/\/www.enteratever.com\/2023\/wp-json\/wp\/v2\/posts\/173944\/revisions"}],"wp:featuredmedia":[{"embeddable":true,"href":"https:\/\/www.enteratever.com\/2023\/wp-json\/wp\/v2\/media\/173945"}],"wp:attachment":[{"href":"https:\/\/www.enteratever.com\/2023\/wp-json\/wp\/v2\/media?parent=173944"}],"wp:term":[{"taxonomy":"category","embeddable":true,"href":"https:\/\/www.enteratever.com\/2023\/wp-json\/wp\/v2\/categories?post=173944"},{"taxonomy":"post_tag","embeddable":true,"href":"https:\/\/www.enteratever.com\/2023\/wp-json\/wp\/v2\/tags?post=173944"}],"curies":[{"name":"wp","href":"https:\/\/api.w.org\/{rel}","templated":true}]}}