{"id":173938,"date":"2021-06-08T18:44:04","date_gmt":"2021-06-08T18:44:04","guid":{"rendered":"https:\/\/www.enteratever.com\/2023\/47-colonias-de-poza-rica-se-quedan-sin-agua\/"},"modified":"2021-06-08T18:44:04","modified_gmt":"2021-06-08T18:44:04","slug":"47-colonias-de-poza-rica-se-quedan-sin-agua","status":"publish","type":"post","link":"https:\/\/www.enteratever.com\/2023\/2021\/06\/08\/47-colonias-de-poza-rica-se-quedan-sin-agua\/","title":{"rendered":"47 colonias de Poza Rica se quedan sin agua"},"content":{"rendered":"<p>Visitas: 2<\/p>\n<p class=\"wp-block-paragraph\">Derivado al corte de energ\u00eda el\u00e9ctrica al menos 47 colonias de Poza Rica se ver\u00e1n afectadas con la suspensi\u00f3n del servicio de agua potable esto debido a que un veh\u00edculo derribo dos postes de la Comisi\u00f3n Federal de Electricidad (CFE), lo que ha generado problemas en el suministro del l\u00edquido vital.<\/p>\n\n\n\n<p class=\"wp-block-paragraph\">Se sabe que los postes de media tensi\u00f3n derribados forman parte de la l\u00ednea que alimenta de energ\u00eda el\u00e9ctrica la Bocatoma del sistema de agua de Poza Rica, por lo que solicitan a la poblaci\u00f3n a qu\u00e9 tome sus precauciones y el evitar el desperdiciar el l\u00edquido vital.<\/p>\n\n\n\n<p class=\"wp-block-paragraph\">Ante est\u00e1s situaci\u00f3n la Comisi\u00f3n del Agua del Estado de Veracruz (CAEV) pidi\u00f3 el apoyo de la CFE para que lo m\u00e1s pronto posible se pueda realizar la reparaci\u00f3n necesaria y se restablezca el servicio que permita operar la bocatoma y poder hacer el suministro de agua en la ciudad.<\/p>\n\n\n\n<p class=\"wp-block-paragraph\">Entre las colonias afectadas en este d\u00eda se encuentran: Corralillos, 12 de octubre, La Barita, Divisi\u00f3n de Oriente, Nueva Imagen I y II, Salvador Allende, 5 de Mayo Vieja, Obras Sociales, Mercado Santa fe, Mercado La Burrita, Obrera, Flores Magon, Morelos, Amp. Morelos, Sector vista hermosa, Sector Quebradora, Laredo, Azteca, An\u00e1huac, Insurgentes, Amp, Libertad, Libertad, Emiliano Zapata, Rafael Hern\u00e1ndez Ochoa, Fco. I. Madero, 5 de Febrero, Agust\u00edn Lara, Miguel Hidalgo, Fracc. Heriberto Kehoe, Yanga, Colinas del Sol, Perlas del Oriente, Constituyentes, Benito Ju\u00e1rez, Laureles, Floresta, M\u00e9xico, Lazaro C\u00e1rdenas, Manuel \u00c1vila Camacho, Reforma, Fracc. Gaviotas, Fracc. Poza de Cuero, C\u00edrculo Michoacano, San Rom\u00e1n, Santa Elena, Tepeyac y Veracruz<\/p>\n\n\n\n<p class=\"wp-block-paragraph\">Por lo que esperan que en las pr\u00f3ximas horas se pueda reactivar la el servicio, aunque hasta el momento no se sabe cuanto tiempo estar\u00e1n sin el servicio de agua, por lo que piden que sea consientes de esta situaci\u00f3n y si tiene la oportunidad de recaudar el l\u00edquido vital lo hagan.<\/p>\n\n\n\n<figure class=\"wp-block-gallery columns-1 wp-block-gallery-1 is-layout-flex wp-block-gallery-is-layout-flex\"><ul class=\"blocks-gallery-grid\"><li class=\"blocks-gallery-item\"><figure><img decoding=\"async\" src=\"https:\/\/www.enteratever.com\/2020\/wp-content\/uploads\/2021\/06\/2021EV0163.jpeg\" alt=\"\" data-id=\"47663\" data-full-url=\"https:\/\/www.enteratever.com\/2020\/wp-content\/uploads\/2021\/06\/2021EV0163.jpeg\" data-link=\"https:\/\/www.enteratever.com\/?attachment_id=47663\" class=\"wp-image-47663\"\/><\/figure><\/li><li class=\"blocks-gallery-item\"><figure><img decoding=\"async\" src=\"https:\/\/www.enteratever.com\/2020\/wp-content\/uploads\/2021\/06\/2021EV0162.jpeg\" alt=\"\" data-id=\"47662\" data-full-url=\"https:\/\/www.enteratever.com\/2020\/wp-content\/uploads\/2021\/06\/2021EV0162.jpeg\" data-link=\"https:\/\/www.enteratever.com\/?attachment_id=47662\" class=\"wp-image-47662\"\/><\/figure><\/li><li class=\"blocks-gallery-item\"><figure><img decoding=\"async\" src=\"https:\/\/www.enteratever.com\/2020\/wp-content\/uploads\/2021\/06\/2021EV0161.jpeg\" alt=\"\" data-id=\"47661\" data-full-url=\"https:\/\/www.enteratever.com\/2020\/wp-content\/uploads\/2021\/06\/2021EV0161.jpeg\" data-link=\"https:\/\/www.enteratever.com\/?attachment_id=47661\" class=\"wp-image-47661\"\/><\/figure><\/li><li class=\"blocks-gallery-item\"><figure><img decoding=\"async\" src=\"https:\/\/www.enteratever.com\/2020\/wp-content\/uploads\/2021\/06\/2021EV0160.jpeg\" alt=\"\" data-id=\"47660\" data-full-url=\"https:\/\/www.enteratever.com\/2020\/wp-content\/uploads\/2021\/06\/2021EV0160.jpeg\" data-link=\"https:\/\/www.enteratever.com\/?attachment_id=47660\" class=\"wp-image-47660\"\/><\/figure><\/li><li class=\"blocks-gallery-item\"><figure><img decoding=\"async\" src=\"https:\/\/www.enteratever.com\/2020\/wp-content\/uploads\/2021\/06\/2021EV0159.jpeg\" alt=\"\" data-id=\"47659\" data-full-url=\"https:\/\/www.enteratever.com\/2020\/wp-content\/uploads\/2021\/06\/2021EV0159.jpeg\" data-link=\"https:\/\/www.enteratever.com\/?attachment_id=47659\" class=\"wp-image-47659\"\/><\/figure><\/li><\/ul><\/figure>\n","protected":false},"excerpt":{"rendered":"<p>Visitas: 2 Derivado al corte de energ\u00eda el\u00e9ctrica al menos 47 colonias de Poza Rica se ver\u00e1n afectadas con la suspensi\u00f3n del servicio de agua potable esto debido a que un veh\u00edculo derribo dos postes de la Comisi\u00f3n Federal de Electricidad (CFE), lo que ha generado problemas en el suministro del l\u00edquido vital. Se sabe [&hellip;]<\/p>\n","protected":false},"author":4,"featured_media":173939,"comment_status":"open","ping_status":"open","sticky":false,"template":"","format":"standard","meta":{"footnotes":""},"categories":[213],"tags":[],"class_list":["post-173938","post","type-post","status-publish","format-standard","has-post-thumbnail","category-poza-rica"],"nelio_content":{"isAutoShareEnabled":true,"autoShareEndMode":"never","automationSources":{"useCustomSentences":false,"customSentences":[]},"followers":[],"suggestedReferences":[],"efiUrl":"","efiAlt":"","highlights":[],"permalinkQueryArgs":[],"series":[]},"_links":{"self":[{"href":"https:\/\/www.enteratever.com\/2023\/wp-json\/wp\/v2\/posts\/173938","targetHints":{"allow":["GET"]}}],"collection":[{"href":"https:\/\/www.enteratever.com\/2023\/wp-json\/wp\/v2\/posts"}],"about":[{"href":"https:\/\/www.enteratever.com\/2023\/wp-json\/wp\/v2\/types\/post"}],"author":[{"embeddable":true,"href":"https:\/\/www.enteratever.com\/2023\/wp-json\/wp\/v2\/users\/4"}],"replies":[{"embeddable":true,"href":"https:\/\/www.enteratever.com\/2023\/wp-json\/wp\/v2\/comments?post=173938"}],"version-history":[{"count":0,"href":"https:\/\/www.enteratever.com\/2023\/wp-json\/wp\/v2\/posts\/173938\/revisions"}],"wp:featuredmedia":[{"embeddable":true,"href":"https:\/\/www.enteratever.com\/2023\/wp-json\/wp\/v2\/media\/173939"}],"wp:attachment":[{"href":"https:\/\/www.enteratever.com\/2023\/wp-json\/wp\/v2\/media?parent=173938"}],"wp:term":[{"taxonomy":"category","embeddable":true,"href":"https:\/\/www.enteratever.com\/2023\/wp-json\/wp\/v2\/categories?post=173938"},{"taxonomy":"post_tag","embeddable":true,"href":"https:\/\/www.enteratever.com\/2023\/wp-json\/wp\/v2\/tags?post=173938"}],"curies":[{"name":"wp","href":"https:\/\/api.w.org\/{rel}","templated":true}]}}