{"id":173936,"date":"2021-06-07T22:08:09","date_gmt":"2021-06-07T22:08:09","guid":{"rendered":"https:\/\/www.enteratever.com\/2023\/todo-listo-para-la-segunda-dosis-de-vacunas-para-los-de-50-a-59-anos\/"},"modified":"2021-06-07T22:08:09","modified_gmt":"2021-06-07T22:08:09","slug":"todo-listo-para-la-segunda-dosis-de-vacunas-para-los-de-50-a-59-anos","status":"publish","type":"post","link":"https:\/\/www.enteratever.com\/2023\/2021\/06\/07\/todo-listo-para-la-segunda-dosis-de-vacunas-para-los-de-50-a-59-anos\/","title":{"rendered":"Todo listo para la segunda dosis de vacunas para los de 50 a 59 a\u00f1os"},"content":{"rendered":"<p>Visitas: 0<\/p>\n<p class=\"wp-block-paragraph\">Poza Rica, Veracruz.- A partir del martes ocho de junio se comenzar\u00e1 con la aplicaci\u00f3n de la segunda etapa de la vacuna para las personas de 59 a 50 a\u00f1os de edad, en el municipio de Poza Rica, por lo que la din\u00e1mica ser\u00e1 la misma que se ha venido realizando desde que se comenz\u00f3 con la primera jornada de vacunaci\u00f3n en el municipio petrolero.<\/p>\n\n\n\n<p class=\"wp-block-paragraph\">Es necesario que los ciudadanos acudan a la hora que se les asign\u00f3 y en d\u00f3nde recibieron la primera dosis, al igual llevar consigo su carnet en donde se les estuvo apuntando sus datos personales y algunos datos fundamentales para que puedan recibir la vacuna.<\/p>\n\n\n\n<p class=\"wp-block-paragraph\">Se estima poder estar atendiendo un aproximado de 12 mil ciudadano en este rango de edad, para la aplicaci\u00f3n de la vacuna se habilitaron la Plaza C\u00edvica 18 de Marzo y el Gimnasio Municipal Miguel Hidalgo, en donde se estar\u00e1 que la poblaci\u00f3n acudan para recibir la vacuna.<\/p>\n\n\n\n<figure class=\"wp-block-image size-full\"><img decoding=\"async\" src=\"https:\/\/www.enteratever.com\/2020\/wp-content\/uploads\/2021\/06\/2021EV0112.jpeg\" alt=\"\" class=\"wp-image-47549\"\/><\/figure>\n\n\n\n<p class=\"wp-block-paragraph\">De acuerdo con Emilio Olvera Andrade, delegado regional de Programas Sociales del Bienestar dijo que desde este lunes 7 de junio Servidores de la Naci\u00f3n han comenzado a llamar a los ciudadanos, para indicarles la fecha, hora y lugar en que le corresponde recibir la vacuna, por lo que invita a la poblaci\u00f3n a qu\u00e9 est\u00e9 atenta al llamado.<\/p>\n\n\n\n<p class=\"wp-block-paragraph\">Asever\u00f3 que a partir de este martes 8, se habilitar\u00e1 un n\u00famero telef\u00f3nico para atender a los ciudadanos, aquellos ciudadanos que por alg\u00fan motivo no se le pudo llamar, ser\u00e1 a trav\u00e9s de este medio por d\u00f3nde estar\u00e1n agendando su cita, esto de evitar cualquier tipo de aglomeraci\u00f3n.<\/p>\n\n\n\n<p class=\"wp-block-paragraph\">El delegado regional de Programas Sociales mencion\u00f3 que, debido a la veda electoral, se retrasaron los trabajos previos a la aplicaci\u00f3n de la segunda dosis de la vacuna, ya que los programas sociales y acciones de salud se brindaron con motivos de la elecci\u00f3n, por lo que solicit\u00f3 paciencia a los ciudadanos.<\/p>\n","protected":false},"excerpt":{"rendered":"<p>Visitas: 0 Poza Rica, Veracruz.- A partir del martes ocho de junio se comenzar\u00e1 con la aplicaci\u00f3n de la segunda etapa de la vacuna para las personas de 59 a 50 a\u00f1os de edad, en el municipio de Poza Rica, por lo que la din\u00e1mica ser\u00e1 la misma que se ha venido realizando desde que [&hellip;]<\/p>\n","protected":false},"author":4,"featured_media":173937,"comment_status":"open","ping_status":"open","sticky":false,"template":"","format":"standard","meta":{"footnotes":""},"categories":[213],"tags":[],"class_list":["post-173936","post","type-post","status-publish","format-standard","has-post-thumbnail","category-poza-rica"],"nelio_content":{"isAutoShareEnabled":true,"autoShareEndMode":"never","automationSources":{"useCustomSentences":false,"customSentences":[]},"followers":[],"suggestedReferences":[],"efiUrl":"","efiAlt":"","highlights":[],"permalinkQueryArgs":[],"series":[]},"_links":{"self":[{"href":"https:\/\/www.enteratever.com\/2023\/wp-json\/wp\/v2\/posts\/173936","targetHints":{"allow":["GET"]}}],"collection":[{"href":"https:\/\/www.enteratever.com\/2023\/wp-json\/wp\/v2\/posts"}],"about":[{"href":"https:\/\/www.enteratever.com\/2023\/wp-json\/wp\/v2\/types\/post"}],"author":[{"embeddable":true,"href":"https:\/\/www.enteratever.com\/2023\/wp-json\/wp\/v2\/users\/4"}],"replies":[{"embeddable":true,"href":"https:\/\/www.enteratever.com\/2023\/wp-json\/wp\/v2\/comments?post=173936"}],"version-history":[{"count":0,"href":"https:\/\/www.enteratever.com\/2023\/wp-json\/wp\/v2\/posts\/173936\/revisions"}],"wp:featuredmedia":[{"embeddable":true,"href":"https:\/\/www.enteratever.com\/2023\/wp-json\/wp\/v2\/media\/173937"}],"wp:attachment":[{"href":"https:\/\/www.enteratever.com\/2023\/wp-json\/wp\/v2\/media?parent=173936"}],"wp:term":[{"taxonomy":"category","embeddable":true,"href":"https:\/\/www.enteratever.com\/2023\/wp-json\/wp\/v2\/categories?post=173936"},{"taxonomy":"post_tag","embeddable":true,"href":"https:\/\/www.enteratever.com\/2023\/wp-json\/wp\/v2\/tags?post=173936"}],"curies":[{"name":"wp","href":"https:\/\/api.w.org\/{rel}","templated":true}]}}