{"id":173934,"date":"2021-06-07T17:31:55","date_gmt":"2021-06-07T17:31:55","guid":{"rendered":"https:\/\/www.enteratever.com\/2023\/fernando-remes-sigue-a-la-cabeza-de-la-contienda\/"},"modified":"2021-06-07T17:31:55","modified_gmt":"2021-06-07T17:31:55","slug":"fernando-remes-sigue-a-la-cabeza-de-la-contienda","status":"publish","type":"post","link":"https:\/\/www.enteratever.com\/2023\/2021\/06\/07\/fernando-remes-sigue-a-la-cabeza-de-la-contienda\/","title":{"rendered":"Fernando Remes sigue a la cabeza de la contienda"},"content":{"rendered":"<p>Visitas: 1<\/p>\n<p class=\"wp-block-paragraph\">Fernando Remes Garza, candidato a la alcald\u00eda de Poza Rica por la coalici\u00f3n Juntos Haremos Historia contin\u00faa en la cabeza de acuerdo al conteo PREP, en donde el candidato lleva 37 mil 478 votos a su favor, por lo que lo posiciona como el ganador el proceso electoral de este a\u00f1o, aunque los datos seguir\u00e1n siendo modificados por qu\u00e9 a\u00fan no terminan de contabilizarlos.<\/p>\n\n\n\n<p class=\"wp-block-paragraph\">En segundo lugar se encuentra Eduardo Vel\u00e1zquez Ayala candidato de la coalici\u00f3n Va por Veracruz, quien cuenta con 16 mil 331 votos, en el tercer puesto est\u00e1 Zayma Zoraya Zamora Garc\u00eda de Unidad Ciudadana con cuatro mil 463 votos, en cuarto Roberto L\u00f3pez Almora de Fuerza por M\u00e9xico con cuatro mil 30 votos a su favor.<\/p>\n\n\n\n<p class=\"wp-block-paragraph\">Movimiento Ciudadano que lo abandera Miguel \u00c1ngel Chagoya P\u00e9rez cuenta con tres mil 953 votos ocupando el quinto lugar, en sexto puesto Jos\u00e9 Kirsch S\u00e1nchez cuenta con dos mil 841 votos, Carlos Mart\u00ednez Arellano del Pes tiene dos mil 101 votos ocupando s\u00e9ptimo, en Noveno lugar C\u00e9sar Ulises Rivera Garza, mil 953 votos.<\/p>\n\n\n\n<p class=\"wp-block-paragraph\">El candidato del Partido Cardenista, Miguel Ram\u00edrez con 907 votos a su favor y Fernando Trejo Dom\u00ednguez candidato de Todos por Veracruz 540 votos, por lo que el conteo de votos ir\u00e1 cambiando en las pr\u00f3ximas horas, por lo que nadie se puede determinar como ganador, pues el Instituto Nacional Electoral (INE) dio a conocer que hasta el pr\u00f3ximo 10 de junio.<\/p>\n\n\n\n<p class=\"wp-block-paragraph\">Cabe destacar que las candidaturas no registradas son 19 votos y se han anulado mil 304 votos, por lo que solo queda esperar a que las autoridades encargadas del conteo den a conocer los resultados oficiales de quienes ser\u00e1n los ganadores de este proceso electoral.<\/p>\n","protected":false},"excerpt":{"rendered":"<p>Visitas: 1 Fernando Remes Garza, candidato a la alcald\u00eda de Poza Rica por la coalici\u00f3n Juntos Haremos Historia contin\u00faa en la cabeza de acuerdo al conteo PREP, en donde el candidato lleva 37 mil 478 votos a su favor, por lo que lo posiciona como el ganador el proceso electoral de este a\u00f1o, aunque los [&hellip;]<\/p>\n","protected":false},"author":4,"featured_media":173935,"comment_status":"open","ping_status":"open","sticky":false,"template":"","format":"standard","meta":{"footnotes":""},"categories":[213],"tags":[],"class_list":["post-173934","post","type-post","status-publish","format-standard","has-post-thumbnail","category-poza-rica"],"nelio_content":{"isAutoShareEnabled":true,"autoShareEndMode":"never","automationSources":{"useCustomSentences":false,"customSentences":[]},"followers":[],"suggestedReferences":[],"efiUrl":"","efiAlt":"","highlights":[],"permalinkQueryArgs":[],"series":[]},"_links":{"self":[{"href":"https:\/\/www.enteratever.com\/2023\/wp-json\/wp\/v2\/posts\/173934","targetHints":{"allow":["GET"]}}],"collection":[{"href":"https:\/\/www.enteratever.com\/2023\/wp-json\/wp\/v2\/posts"}],"about":[{"href":"https:\/\/www.enteratever.com\/2023\/wp-json\/wp\/v2\/types\/post"}],"author":[{"embeddable":true,"href":"https:\/\/www.enteratever.com\/2023\/wp-json\/wp\/v2\/users\/4"}],"replies":[{"embeddable":true,"href":"https:\/\/www.enteratever.com\/2023\/wp-json\/wp\/v2\/comments?post=173934"}],"version-history":[{"count":0,"href":"https:\/\/www.enteratever.com\/2023\/wp-json\/wp\/v2\/posts\/173934\/revisions"}],"wp:featuredmedia":[{"embeddable":true,"href":"https:\/\/www.enteratever.com\/2023\/wp-json\/wp\/v2\/media\/173935"}],"wp:attachment":[{"href":"https:\/\/www.enteratever.com\/2023\/wp-json\/wp\/v2\/media?parent=173934"}],"wp:term":[{"taxonomy":"category","embeddable":true,"href":"https:\/\/www.enteratever.com\/2023\/wp-json\/wp\/v2\/categories?post=173934"},{"taxonomy":"post_tag","embeddable":true,"href":"https:\/\/www.enteratever.com\/2023\/wp-json\/wp\/v2\/tags?post=173934"}],"curies":[{"name":"wp","href":"https:\/\/api.w.org\/{rel}","templated":true}]}}