{"id":173926,"date":"2021-06-06T22:01:38","date_gmt":"2021-06-06T22:01:38","guid":{"rendered":"https:\/\/www.enteratever.com\/2023\/con-votos-se-gana-las-elecciones-y-no-con-balazos-bautista-neira\/"},"modified":"2021-06-06T22:01:38","modified_gmt":"2021-06-06T22:01:38","slug":"con-votos-se-gana-las-elecciones-y-no-con-balazos-bautista-neira","status":"publish","type":"post","link":"https:\/\/www.enteratever.com\/2023\/2021\/06\/06\/con-votos-se-gana-las-elecciones-y-no-con-balazos-bautista-neira\/","title":{"rendered":"Con votos se gana las elecciones y no con balazos: Bautista Neira"},"content":{"rendered":"<p>Visitas: 13<\/p>\n<p class=\"wp-block-paragraph\">Poza Rica, Veracruz.- Bautista Neira Quevedo, Candidato a la diputaci\u00f3n local por el partido Movimiento Ciudadano, coment\u00f3 sobre los constantes ataques a los que han sido v\u00edctimas los candidatos de su partido en otros municipios y partes de la rep\u00fablica mexicana, por lo que lament\u00f3 este tipo de acciones.<\/p>\n\n\n\n<p class=\"wp-block-paragraph\">En entrevista el candidato se\u00f1al\u00f3 que los procesos electorales no deben ser violentos, las elecciones se ganan con votos y no con balazos, mencion\u00f3 que no puedo asegurar que hay confianza en las autoridades, porque se ve reflejado en lo que est\u00e1 pasando.<\/p>\n\n\n\n<figure class=\"wp-block-gallery columns-1 wp-block-gallery-1 is-layout-flex wp-block-gallery-is-layout-flex\"><ul class=\"blocks-gallery-grid\"><li class=\"blocks-gallery-item\"><figure><img decoding=\"async\" src=\"https:\/\/www.enteratever.com\/2020\/wp-content\/uploads\/2021\/06\/2021EV0082.jpeg\" alt=\"\" data-id=\"47455\" data-full-url=\"https:\/\/www.enteratever.com\/2020\/wp-content\/uploads\/2021\/06\/2021EV0082.jpeg\" data-link=\"https:\/\/www.enteratever.com\/?attachment_id=47455\" class=\"wp-image-47455\"\/><\/figure><\/li><li class=\"blocks-gallery-item\"><figure><img decoding=\"async\" src=\"https:\/\/www.enteratever.com\/2020\/wp-content\/uploads\/2021\/06\/2021EV0083.jpeg\" alt=\"\" data-id=\"47456\" data-full-url=\"https:\/\/www.enteratever.com\/2020\/wp-content\/uploads\/2021\/06\/2021EV0083.jpeg\" data-link=\"https:\/\/www.enteratever.com\/?attachment_id=47456\" class=\"wp-image-47456\"\/><\/figure><\/li><li class=\"blocks-gallery-item\"><figure><img decoding=\"async\" src=\"https:\/\/www.enteratever.com\/2020\/wp-content\/uploads\/2021\/06\/2021EV0084.jpeg\" alt=\"\" data-id=\"47457\" data-full-url=\"https:\/\/www.enteratever.com\/2020\/wp-content\/uploads\/2021\/06\/2021EV0084.jpeg\" data-link=\"https:\/\/www.enteratever.com\/?attachment_id=47457\" class=\"wp-image-47457\"\/><\/figure><\/li><\/ul><\/figure>\n\n\n\n<p class=\"wp-block-paragraph\">Reiter\u00f3 que no tiene miedo, est\u00e1 preocupado como todos los candidatos, sin embargo, tienen el respaldo de la gente y por eso no tienen miedo, lament\u00f3 los sucesos que est\u00e1n pasando en Cazones y en contra del partido, por lo que existe una apreciaci\u00f3n, pero eso no los har\u00e1 rendirse.<\/p>\n\n\n\n<p class=\"wp-block-paragraph\">El candidato emiti\u00f3 su voto en la casilla 3146 ubicada en la Escuela Primaria Josefina Hurtado de Montes de Oca, en la colonia 27 de Septiembre, donde asever\u00f3 que las condiciones de inseguridad que se viven actualmente en el periodo electoral, son el reflejo del gobierno en turno.<\/p>\n\n\n\n<p class=\"wp-block-paragraph\">Por \u00faltimo, invit\u00f3 a la ciudadan\u00eda a que salga a votar, pues este es el tiempo para hacer un verdadero cambio en la ciudad, velar por el futuro que se les quiere dejar a sus hijos, por lo que a pesar de las condiciones deben de votar para cambiar el rumbo del pa\u00eds.<\/p>\n","protected":false},"excerpt":{"rendered":"<p>Visitas: 13 Poza Rica, Veracruz.- Bautista Neira Quevedo, Candidato a la diputaci\u00f3n local por el partido Movimiento Ciudadano, coment\u00f3 sobre los constantes ataques a los que han sido v\u00edctimas los candidatos de su partido en otros municipios y partes de la rep\u00fablica mexicana, por lo que lament\u00f3 este tipo de acciones. En entrevista el candidato [&hellip;]<\/p>\n","protected":false},"author":4,"featured_media":173927,"comment_status":"open","ping_status":"open","sticky":false,"template":"","format":"standard","meta":{"footnotes":""},"categories":[213],"tags":[],"class_list":["post-173926","post","type-post","status-publish","format-standard","has-post-thumbnail","category-poza-rica"],"nelio_content":{"isAutoShareEnabled":true,"autoShareEndMode":"never","automationSources":{"useCustomSentences":false,"customSentences":[]},"followers":[],"suggestedReferences":[],"efiUrl":"","efiAlt":"","highlights":[],"permalinkQueryArgs":[],"series":[]},"_links":{"self":[{"href":"https:\/\/www.enteratever.com\/2023\/wp-json\/wp\/v2\/posts\/173926","targetHints":{"allow":["GET"]}}],"collection":[{"href":"https:\/\/www.enteratever.com\/2023\/wp-json\/wp\/v2\/posts"}],"about":[{"href":"https:\/\/www.enteratever.com\/2023\/wp-json\/wp\/v2\/types\/post"}],"author":[{"embeddable":true,"href":"https:\/\/www.enteratever.com\/2023\/wp-json\/wp\/v2\/users\/4"}],"replies":[{"embeddable":true,"href":"https:\/\/www.enteratever.com\/2023\/wp-json\/wp\/v2\/comments?post=173926"}],"version-history":[{"count":0,"href":"https:\/\/www.enteratever.com\/2023\/wp-json\/wp\/v2\/posts\/173926\/revisions"}],"wp:featuredmedia":[{"embeddable":true,"href":"https:\/\/www.enteratever.com\/2023\/wp-json\/wp\/v2\/media\/173927"}],"wp:attachment":[{"href":"https:\/\/www.enteratever.com\/2023\/wp-json\/wp\/v2\/media?parent=173926"}],"wp:term":[{"taxonomy":"category","embeddable":true,"href":"https:\/\/www.enteratever.com\/2023\/wp-json\/wp\/v2\/categories?post=173926"},{"taxonomy":"post_tag","embeddable":true,"href":"https:\/\/www.enteratever.com\/2023\/wp-json\/wp\/v2\/tags?post=173926"}],"curies":[{"name":"wp","href":"https:\/\/api.w.org\/{rel}","templated":true}]}}