{"id":173922,"date":"2021-06-06T21:12:11","date_gmt":"2021-06-06T21:12:11","guid":{"rendered":"https:\/\/www.enteratever.com\/2023\/lalo-velazquez-seguro-que-las-elecciones-se-llevaran-en-paz\/"},"modified":"2021-06-06T21:12:11","modified_gmt":"2021-06-06T21:12:11","slug":"lalo-velazquez-seguro-que-las-elecciones-se-llevaran-en-paz","status":"publish","type":"post","link":"https:\/\/www.enteratever.com\/2023\/2021\/06\/06\/lalo-velazquez-seguro-que-las-elecciones-se-llevaran-en-paz\/","title":{"rendered":"Lalo Vel\u00e1zquez seguro que las elecciones se llevar\u00e1n en paz"},"content":{"rendered":"<p>Visitas: 0<\/p>\n<p class=\"wp-block-paragraph\">Poza Rica, Veracruz.- Acompa\u00f1ado de su familia el candidato de la Coalici\u00f3n Va por Poza Rica, Eduardo Vel\u00e1zquez Ayala, acudi\u00f3 a la casilla ubicada en las instalaciones del Jard\u00edn de Ni\u00f1os Francisco Morosini, de la colonia Arroyo del Ma\u00edz, en donde dijo que se siente seguro de que este proceso electoral se llevar\u00e1 con la seguridad y responsabilidad que se merece.<\/p>\n\n\n\n<p class=\"wp-block-paragraph\">Vel\u00e1zquez Ayala exhorto a la ciudadan\u00eda a que salgan a emitir su voto, pues la casillas se encuentran abiertas desde las 8:00 horas y estar\u00e1n concluyendo a las 18:00 horas, por lo que la poblaci\u00f3n aun cuenta con tiempo suficiente para salir y ejercer su voto, pues es la oportunidad de cambiar el rumbo de la ciudad.<\/p>\n\n\n\n<p class=\"wp-block-paragraph\">El abanderado de la coalici\u00f3n PRI-PAN-PRD, se\u00f1al\u00f3 que lo m\u00e1s importante de este d\u00eda es que el todo se realice con tranquilidad y seguridad, invit\u00f3 a la poblaci\u00f3n a mantenerse tranquilos, adem\u00e1s dio a conocer que conf\u00eda en las autoridades electorales federal y estatal.<\/p>\n\n\n\n<p class=\"wp-block-paragraph\">Agradeci\u00f3 a toda la gente que se encuentra en las casillas que se encuentra revisando que en ning\u00fan momento se bajen las medidas sanitarias, pues en fundamental que se mantengan para evitar el riego de nuevos contagios, est\u00e1 seguro que existen las condiciones de seguridad para todos.<\/p>\n\n\n\n<p class=\"wp-block-paragraph\">Por ultimo lament\u00f3 la muerte del candidato del partido Movimiento Ciudadano la noche del pasado viernes, por lo que es necesario que se encuentren a los culpables y se les castigue afirm\u00f3 no est\u00e1 nervioso por el resultado de la elecci\u00f3n, pues aceptara el resultado.<\/p>\n\n\n\n<figure class=\"wp-block-gallery columns-1 wp-block-gallery-1 is-layout-flex wp-block-gallery-is-layout-flex\"><ul class=\"blocks-gallery-grid\"><li class=\"blocks-gallery-item\"><figure><img decoding=\"async\" src=\"https:\/\/www.enteratever.com\/2020\/wp-content\/uploads\/2021\/06\/2021EV0075.jpeg\" alt=\"\" data-id=\"47443\" data-full-url=\"https:\/\/www.enteratever.com\/2020\/wp-content\/uploads\/2021\/06\/2021EV0075.jpeg\" data-link=\"https:\/\/www.enteratever.com\/?attachment_id=47443\" class=\"wp-image-47443\"\/><\/figure><\/li><li class=\"blocks-gallery-item\"><figure><img decoding=\"async\" src=\"https:\/\/www.enteratever.com\/2020\/wp-content\/uploads\/2021\/06\/2021EV0076.jpeg\" alt=\"\" data-id=\"47444\" data-full-url=\"https:\/\/www.enteratever.com\/2020\/wp-content\/uploads\/2021\/06\/2021EV0076.jpeg\" data-link=\"https:\/\/www.enteratever.com\/?attachment_id=47444\" class=\"wp-image-47444\"\/><\/figure><\/li><li class=\"blocks-gallery-item\"><figure><img decoding=\"async\" src=\"https:\/\/www.enteratever.com\/2020\/wp-content\/uploads\/2021\/06\/2021EV0077.jpeg\" alt=\"\" data-id=\"47445\" data-full-url=\"https:\/\/www.enteratever.com\/2020\/wp-content\/uploads\/2021\/06\/2021EV0077.jpeg\" data-link=\"https:\/\/www.enteratever.com\/?attachment_id=47445\" class=\"wp-image-47445\"\/><\/figure><\/li><li class=\"blocks-gallery-item\"><figure><img decoding=\"async\" src=\"https:\/\/www.enteratever.com\/2020\/wp-content\/uploads\/2021\/06\/2021EV0078.jpeg\" alt=\"\" data-id=\"47446\" data-full-url=\"https:\/\/www.enteratever.com\/2020\/wp-content\/uploads\/2021\/06\/2021EV0078.jpeg\" data-link=\"https:\/\/www.enteratever.com\/?attachment_id=47446\" class=\"wp-image-47446\"\/><\/figure><\/li><li class=\"blocks-gallery-item\"><figure><img decoding=\"async\" src=\"https:\/\/www.enteratever.com\/2020\/wp-content\/uploads\/2021\/06\/2021EV0079.jpeg\" alt=\"\" data-id=\"47447\" data-full-url=\"https:\/\/www.enteratever.com\/2020\/wp-content\/uploads\/2021\/06\/2021EV0079.jpeg\" data-link=\"https:\/\/www.enteratever.com\/?attachment_id=47447\" class=\"wp-image-47447\"\/><\/figure><\/li><\/ul><\/figure>\n","protected":false},"excerpt":{"rendered":"<p>Visitas: 0 Poza Rica, Veracruz.- Acompa\u00f1ado de su familia el candidato de la Coalici\u00f3n Va por Poza Rica, Eduardo Vel\u00e1zquez Ayala, acudi\u00f3 a la casilla ubicada en las instalaciones del Jard\u00edn de Ni\u00f1os Francisco Morosini, de la colonia Arroyo del Ma\u00edz, en donde dijo que se siente seguro de que este proceso electoral se llevar\u00e1 [&hellip;]<\/p>\n","protected":false},"author":4,"featured_media":173923,"comment_status":"open","ping_status":"open","sticky":false,"template":"","format":"standard","meta":{"footnotes":""},"categories":[213],"tags":[],"class_list":["post-173922","post","type-post","status-publish","format-standard","has-post-thumbnail","category-poza-rica"],"nelio_content":{"isAutoShareEnabled":true,"autoShareEndMode":"never","automationSources":{"useCustomSentences":false,"customSentences":[]},"followers":[],"suggestedReferences":[],"efiUrl":"","efiAlt":"","highlights":[],"permalinkQueryArgs":[],"series":[]},"_links":{"self":[{"href":"https:\/\/www.enteratever.com\/2023\/wp-json\/wp\/v2\/posts\/173922","targetHints":{"allow":["GET"]}}],"collection":[{"href":"https:\/\/www.enteratever.com\/2023\/wp-json\/wp\/v2\/posts"}],"about":[{"href":"https:\/\/www.enteratever.com\/2023\/wp-json\/wp\/v2\/types\/post"}],"author":[{"embeddable":true,"href":"https:\/\/www.enteratever.com\/2023\/wp-json\/wp\/v2\/users\/4"}],"replies":[{"embeddable":true,"href":"https:\/\/www.enteratever.com\/2023\/wp-json\/wp\/v2\/comments?post=173922"}],"version-history":[{"count":0,"href":"https:\/\/www.enteratever.com\/2023\/wp-json\/wp\/v2\/posts\/173922\/revisions"}],"wp:featuredmedia":[{"embeddable":true,"href":"https:\/\/www.enteratever.com\/2023\/wp-json\/wp\/v2\/media\/173923"}],"wp:attachment":[{"href":"https:\/\/www.enteratever.com\/2023\/wp-json\/wp\/v2\/media?parent=173922"}],"wp:term":[{"taxonomy":"category","embeddable":true,"href":"https:\/\/www.enteratever.com\/2023\/wp-json\/wp\/v2\/categories?post=173922"},{"taxonomy":"post_tag","embeddable":true,"href":"https:\/\/www.enteratever.com\/2023\/wp-json\/wp\/v2\/tags?post=173922"}],"curies":[{"name":"wp","href":"https:\/\/api.w.org\/{rel}","templated":true}]}}