{"id":173916,"date":"2021-06-06T18:44:08","date_gmt":"2021-06-06T18:44:08","guid":{"rendered":"https:\/\/www.enteratever.com\/2023\/elisa-rivera-ejerce-su-voto-e-invita-a-ciudadanos-a-votar\/"},"modified":"2021-06-06T18:44:08","modified_gmt":"2021-06-06T18:44:08","slug":"elisa-rivera-ejerce-su-voto-e-invita-a-ciudadanos-a-votar","status":"publish","type":"post","link":"https:\/\/www.enteratever.com\/2023\/2021\/06\/06\/elisa-rivera-ejerce-su-voto-e-invita-a-ciudadanos-a-votar\/","title":{"rendered":"Elisa Rivera ejerce su voto e invita a ciudadanos a votar"},"content":{"rendered":"<p>Visitas: 0<\/p>\n<p class=\"wp-block-paragraph\"><em>\u2022 Conf\u00eda en las autoridades electorales que se estar\u00e1 llevando de la mejor manera<\/em>.<\/p>\n\n\n\n<p class=\"wp-block-paragraph\">Poza Rica, Veracruz.- La candidata a la diputaci\u00f3n federal por la alianza Va por M\u00e9xico acudi\u00f3 a la casilla 3137 en donde acompa\u00f1ada de su familia, al aspirante se\u00f1al\u00f3 que conf\u00eda en las autoridades electorales que el proceso se estar\u00e1 llevando de la mejor manera y que la poblaci\u00f3n est\u00e1 consciente de que es lo mejor para el municipio y para el distrito.<\/p>\n\n\n\n<p class=\"wp-block-paragraph\">Destac\u00f3 que hasta el momento el proceso se ha venido llevando de la mejor manera y pac\u00edfica, por lo que espera que las situaci\u00f3n se mantenga en paz, para evitar alg\u00fan problema, pidi\u00f3 a la poblaci\u00f3n de que acuda a las casillas sin temor ya que se cuenta con la seguridad en la ciudad para evitar alg\u00fan conflicto.<\/p>\n\n\n\n<p class=\"wp-block-paragraph\">Se\u00f1al\u00f3 que es importante que los ciudadanos que acudan a ejercer su voto, por qu\u00e9 este es el momento que la poblaci\u00f3n tiene para cambiar el rumbo del pa\u00eds, por lo que est\u00e1 segura que la poblaci\u00f3n estar\u00e1 analizando bien su voto y estar\u00e1 eligiendo por la mejor opci\u00f3n.<\/p>\n\n\n\n<p class=\"wp-block-paragraph\">Se\u00f1al\u00f3 que estar\u00e1 aceptado el resultado que salga para la diputaci\u00f3n federal, por lo que es necesario que la gente salga a su casilla, pues existen las condiciones para salir a ejercer su voto, pues se ha aumentado la seguridad en la ciudad para evitar alg\u00fan problema como se han suscitado los \u00faltimos d\u00edas.<\/p>\n\n\n\n<p class=\"wp-block-paragraph\">Lament\u00f3 lo sucedido con el candidato a la alcald\u00eda de Cazones, al cual se le arrebat\u00f3 la vida, mand\u00f3 sus condolencias a la familia del ahora occiso, por lo que o importa el color e ideolog\u00eda pol\u00edtica tiene que parar los asesinatos y amenazas a candidatos.<\/p>\n\n\n\n\n\n<iframe loading=\"lazy\" src=\"https:\/\/www.facebook.com\/plugins\/video.php?height=280&#038;href=https%3A%2F%2Fwww.facebook.com%2FEnteratevercom%2Fvideos%2F521655495628601%2F&#038;show_text=false&#038;width=560&#038;t=0\" width=\"560\" height=\"280\" style=\"border:none;overflow:hidden\" scrolling=\"no\" frameborder=\"0\" allowfullscreen=\"true\" allow=\"autoplay; clipboard-write; encrypted-media; picture-in-picture; web-share\" allowFullScreen=\"true\"><\/iframe>\n\n\n\n<p class=\"wp-block-paragraph\">Se\u00f1al\u00f3 que es importante que los ciudadanos que acudan a ejercer su voto, por qu\u00e9 este es el momento que la poblaci\u00f3n tiene para cambiar el rumbo del pa\u00eds, por lo que est\u00e1 segura que la poblaci\u00f3n estar\u00e1 analizando bien su voto y estar\u00e1 eligiendo por la mejor opci\u00f3n.<\/p>\n\n\n\n<figure class=\"wp-block-gallery columns-3 is-cropped wp-block-gallery-1 is-layout-flex wp-block-gallery-is-layout-flex\"><ul class=\"blocks-gallery-grid\"><li class=\"blocks-gallery-item\"><figure><img decoding=\"async\" src=\"https:\/\/www.enteratever.com\/2020\/wp-content\/uploads\/2021\/06\/2021EV0060.jpeg\" alt=\"\" data-id=\"47424\" data-full-url=\"https:\/\/www.enteratever.com\/2020\/wp-content\/uploads\/2021\/06\/2021EV0060.jpeg\" data-link=\"https:\/\/www.enteratever.com\/?attachment_id=47424\" class=\"wp-image-47424\"\/><\/figure><\/li><li class=\"blocks-gallery-item\"><figure><img decoding=\"async\" src=\"https:\/\/www.enteratever.com\/2020\/wp-content\/uploads\/2021\/06\/2021EV0061.jpeg\" alt=\"\" data-id=\"47425\" data-full-url=\"https:\/\/www.enteratever.com\/2020\/wp-content\/uploads\/2021\/06\/2021EV0061.jpeg\" data-link=\"https:\/\/www.enteratever.com\/?attachment_id=47425\" class=\"wp-image-47425\"\/><\/figure><\/li><li class=\"blocks-gallery-item\"><figure><img decoding=\"async\" src=\"https:\/\/www.enteratever.com\/2020\/wp-content\/uploads\/2021\/06\/2021EV0062.jpeg\" alt=\"\" data-id=\"47426\" data-full-url=\"https:\/\/www.enteratever.com\/2020\/wp-content\/uploads\/2021\/06\/2021EV0062.jpeg\" data-link=\"https:\/\/www.enteratever.com\/?attachment_id=47426\" class=\"wp-image-47426\"\/><\/figure><\/li><\/ul><\/figure>\n","protected":false},"excerpt":{"rendered":"<p>Visitas: 0 \u2022 Conf\u00eda en las autoridades electorales que se estar\u00e1 llevando de la mejor manera. Poza Rica, Veracruz.- La candidata a la diputaci\u00f3n federal por la alianza Va por M\u00e9xico acudi\u00f3 a la casilla 3137 en donde acompa\u00f1ada de su familia, al aspirante se\u00f1al\u00f3 que conf\u00eda en las autoridades electorales que el proceso se [&hellip;]<\/p>\n","protected":false},"author":4,"featured_media":173917,"comment_status":"open","ping_status":"open","sticky":false,"template":"","format":"standard","meta":{"footnotes":""},"categories":[213],"tags":[],"class_list":["post-173916","post","type-post","status-publish","format-standard","has-post-thumbnail","category-poza-rica"],"nelio_content":{"isAutoShareEnabled":true,"autoShareEndMode":"never","automationSources":{"useCustomSentences":false,"customSentences":[]},"followers":[],"suggestedReferences":[],"efiUrl":"","efiAlt":"","highlights":[],"permalinkQueryArgs":[],"series":[]},"_links":{"self":[{"href":"https:\/\/www.enteratever.com\/2023\/wp-json\/wp\/v2\/posts\/173916","targetHints":{"allow":["GET"]}}],"collection":[{"href":"https:\/\/www.enteratever.com\/2023\/wp-json\/wp\/v2\/posts"}],"about":[{"href":"https:\/\/www.enteratever.com\/2023\/wp-json\/wp\/v2\/types\/post"}],"author":[{"embeddable":true,"href":"https:\/\/www.enteratever.com\/2023\/wp-json\/wp\/v2\/users\/4"}],"replies":[{"embeddable":true,"href":"https:\/\/www.enteratever.com\/2023\/wp-json\/wp\/v2\/comments?post=173916"}],"version-history":[{"count":0,"href":"https:\/\/www.enteratever.com\/2023\/wp-json\/wp\/v2\/posts\/173916\/revisions"}],"wp:featuredmedia":[{"embeddable":true,"href":"https:\/\/www.enteratever.com\/2023\/wp-json\/wp\/v2\/media\/173917"}],"wp:attachment":[{"href":"https:\/\/www.enteratever.com\/2023\/wp-json\/wp\/v2\/media?parent=173916"}],"wp:term":[{"taxonomy":"category","embeddable":true,"href":"https:\/\/www.enteratever.com\/2023\/wp-json\/wp\/v2\/categories?post=173916"},{"taxonomy":"post_tag","embeddable":true,"href":"https:\/\/www.enteratever.com\/2023\/wp-json\/wp\/v2\/tags?post=173916"}],"curies":[{"name":"wp","href":"https:\/\/api.w.org\/{rel}","templated":true}]}}