{"id":173902,"date":"2021-06-03T19:27:39","date_gmt":"2021-06-03T19:27:39","guid":{"rendered":"https:\/\/www.enteratever.com\/2023\/vecinos-de-la-calle-monterrey-piden-que-liberen-su-calle\/"},"modified":"2021-06-03T19:27:39","modified_gmt":"2021-06-03T19:27:39","slug":"vecinos-de-la-calle-monterrey-piden-que-liberen-su-calle","status":"publish","type":"post","link":"https:\/\/www.enteratever.com\/2023\/2021\/06\/03\/vecinos-de-la-calle-monterrey-piden-que-liberen-su-calle\/","title":{"rendered":"Vecinos de la calle Monterrey piden que liberen su calle"},"content":{"rendered":"<p>Visitas: 2<\/p>\n<p class=\"wp-block-paragraph\">Poza Rica, Veracruz.- Vecinos de la calle Monterrey de la colonia Fausto D\u00e1vila dieron a conocer que en esta zona hab\u00eda escombros esto luego de que en semanas pasadas se estuvieran realizando trabajos, se desconoce si fue personal de la Comisi\u00f3n del Agua del Estrado de Veracruz (Caev) o fue el personal del ayuntamiento de drenaje y alcantarillado.<\/p>\n\n\n\n<p class=\"wp-block-paragraph\">Los afectados comentan que solo comenzaron abrir la calle, v\u00eda que fue inaugurada hace poco tiempo, por lo que fue tanto el escombro que estuvieron sacando que un carril fue completamente obstruido por el material que iban sacando, por lo que este problema tiene ya unas semanas y no han ido a retirar todo el escombro.<\/p>\n\n\n\n<p class=\"wp-block-paragraph\">Reportan que ya acudieron a las oficinas de la Caev y del Ayuntamiento, pero desconocen quien fue el que hizo los trabajos, por lo que cansados de esta situaci\u00f3n decidieron a dar a conocer el problema y ver si as\u00ed logran que el ayuntamiento o la Comisi\u00f3n del Agua atienden a su llamado.<\/p>\n\n\n\n<p class=\"wp-block-paragraph\">El carril esta lleno de arena, tierra y por las lluvias pasadas comenz\u00f3 a crecer hierba sobre el material por lo que solo piden que se lleven todo el escombro que lo \u00fanico que esta generando que se obstruya el paso, se\u00f1alan que son un aproximado de 30 metros los que se encuentran obstruidos.<\/p>\n\n\n\n<p class=\"wp-block-paragraph\">Debido a las lluvias que se registraron esta ma\u00f1ana y en semanas pasadas se ha ido deslavando la tierra lo que genera lodo y encharcamientos en la zona, por lo que piden que las autoridades atiendan a su llamado, pues lo \u00fanico que buscan es el poder utilizar el carril que se encuentra sin funcionar por el material que lleva d\u00edas ah\u00ed.<\/p>\n\n\n\n<figure class=\"wp-block-gallery columns-1 wp-block-gallery-1 is-layout-flex wp-block-gallery-is-layout-flex\"><ul class=\"blocks-gallery-grid\"><li class=\"blocks-gallery-item\"><figure><img decoding=\"async\" src=\"https:\/\/www.enteratever.com\/2020\/wp-content\/uploads\/2021\/06\/2021EV0026.jpeg\" alt=\"\" data-id=\"47320\" data-full-url=\"https:\/\/www.enteratever.com\/2020\/wp-content\/uploads\/2021\/06\/2021EV0026.jpeg\" data-link=\"https:\/\/www.enteratever.com\/?attachment_id=47320\" class=\"wp-image-47320\"\/><\/figure><\/li><li class=\"blocks-gallery-item\"><figure><img decoding=\"async\" src=\"https:\/\/www.enteratever.com\/2020\/wp-content\/uploads\/2021\/06\/2021EV0027.jpeg\" alt=\"\" data-id=\"47319\" data-full-url=\"https:\/\/www.enteratever.com\/2020\/wp-content\/uploads\/2021\/06\/2021EV0027.jpeg\" data-link=\"https:\/\/www.enteratever.com\/?attachment_id=47319\" class=\"wp-image-47319\"\/><\/figure><\/li><li class=\"blocks-gallery-item\"><figure><img decoding=\"async\" src=\"https:\/\/www.enteratever.com\/2020\/wp-content\/uploads\/2021\/06\/2021EV0028.jpeg\" alt=\"\" data-id=\"47318\" data-full-url=\"https:\/\/www.enteratever.com\/2020\/wp-content\/uploads\/2021\/06\/2021EV0028.jpeg\" data-link=\"https:\/\/www.enteratever.com\/?attachment_id=47318\" class=\"wp-image-47318\"\/><\/figure><\/li><\/ul><\/figure>\n","protected":false},"excerpt":{"rendered":"<p>Visitas: 2 Poza Rica, Veracruz.- Vecinos de la calle Monterrey de la colonia Fausto D\u00e1vila dieron a conocer que en esta zona hab\u00eda escombros esto luego de que en semanas pasadas se estuvieran realizando trabajos, se desconoce si fue personal de la Comisi\u00f3n del Agua del Estrado de Veracruz (Caev) o fue el personal del [&hellip;]<\/p>\n","protected":false},"author":4,"featured_media":173903,"comment_status":"open","ping_status":"open","sticky":false,"template":"","format":"standard","meta":{"footnotes":""},"categories":[213],"tags":[],"class_list":["post-173902","post","type-post","status-publish","format-standard","has-post-thumbnail","category-poza-rica"],"nelio_content":{"isAutoShareEnabled":true,"autoShareEndMode":"never","automationSources":{"useCustomSentences":false,"customSentences":[]},"followers":[],"suggestedReferences":[],"efiUrl":"","efiAlt":"","highlights":[],"permalinkQueryArgs":[],"series":[]},"_links":{"self":[{"href":"https:\/\/www.enteratever.com\/2023\/wp-json\/wp\/v2\/posts\/173902","targetHints":{"allow":["GET"]}}],"collection":[{"href":"https:\/\/www.enteratever.com\/2023\/wp-json\/wp\/v2\/posts"}],"about":[{"href":"https:\/\/www.enteratever.com\/2023\/wp-json\/wp\/v2\/types\/post"}],"author":[{"embeddable":true,"href":"https:\/\/www.enteratever.com\/2023\/wp-json\/wp\/v2\/users\/4"}],"replies":[{"embeddable":true,"href":"https:\/\/www.enteratever.com\/2023\/wp-json\/wp\/v2\/comments?post=173902"}],"version-history":[{"count":0,"href":"https:\/\/www.enteratever.com\/2023\/wp-json\/wp\/v2\/posts\/173902\/revisions"}],"wp:featuredmedia":[{"embeddable":true,"href":"https:\/\/www.enteratever.com\/2023\/wp-json\/wp\/v2\/media\/173903"}],"wp:attachment":[{"href":"https:\/\/www.enteratever.com\/2023\/wp-json\/wp\/v2\/media?parent=173902"}],"wp:term":[{"taxonomy":"category","embeddable":true,"href":"https:\/\/www.enteratever.com\/2023\/wp-json\/wp\/v2\/categories?post=173902"},{"taxonomy":"post_tag","embeddable":true,"href":"https:\/\/www.enteratever.com\/2023\/wp-json\/wp\/v2\/tags?post=173902"}],"curies":[{"name":"wp","href":"https:\/\/api.w.org\/{rel}","templated":true}]}}