{"id":173900,"date":"2021-06-03T19:23:01","date_gmt":"2021-06-03T19:23:01","guid":{"rendered":"https:\/\/www.enteratever.com\/2023\/retiran-comercios-de-revista-del-centro-de-la-ciudad\/"},"modified":"2021-06-03T19:23:01","modified_gmt":"2021-06-03T19:23:01","slug":"retiran-comercios-de-revista-del-centro-de-la-ciudad","status":"publish","type":"post","link":"https:\/\/www.enteratever.com\/2023\/2021\/06\/03\/retiran-comercios-de-revista-del-centro-de-la-ciudad\/","title":{"rendered":"Retiran comercios de revista del centro de la ciudad"},"content":{"rendered":"<p>Visitas: 1<\/p>\n<p class=\"wp-block-paragraph\">Poza Rica, Veracruz.- Personal del \u00e1rea de comercio estuvieron retirando varios puestos de revistas que se encontraban en el primer cuadro de la ciudad, esto de que recibieran varios citatorios para que acudieran al \u00e1rea de comercio a cumplir con varios de los procesos que se les solicita para poder vender en los espacios p\u00fablicos, as\u00ed lo dio a conocer Guillermo Mendoza Sin fuentes, encargado de realizar el retiro de comercios.<\/p>\n\n\n\n<p class=\"wp-block-paragraph\">El retiro de los comercios fue en la calle dos Oriente de la colonia Obras Sociales, de acuerdo con Elfego Navarro Cazarez, due\u00f1o del local se\u00f1al\u00f3 que nunca recibi\u00f3 una notificaci\u00f3n en donde se le diera a conocer que su comercio ser\u00eda retirado, pues lleva 41 a\u00f1os en el mismo lugar y nunca se hab\u00eda presentado un problema como este, por lo que considero un abuso de poder del director de comercio Jos\u00e9 Luna Kuri.<\/p>\n\n\n\n<p class=\"wp-block-paragraph\">Navarro Cazarez mencion\u00f3 que en el mes de enero del 2020 se le aviso que se le estar\u00eda retirando, ya que de acuerdo con Luna Kuri el puesto estaba siendo utilizado para la venta de otro tipo de productos adem\u00e1s de que supuestamente este estaba siendo rentado por otra persona, cuando el afectado asegura que en los 41 a\u00f1os que tiene como comerciante el se ha encargado de su puesto de revista.<\/p>\n\n\n\n<p class=\"wp-block-paragraph\">\u201cPara arreglar el problema son 10 mil pesos, me hicieron cortar la luz, la corte y hasta ahorita no me han venido a avisar, hoy me encontraba en mi casa, fue una vecina la que me aviso que se estaba llevando mi puesto, mi puesto tiene 41 a\u00f1os y hasta la fecha nunca hab\u00edamos tenido un problema\u201d, expreso el afectado.<\/p>\n\n\n\n<p class=\"wp-block-paragraph\">Su puesto present\u00f3 varias afectaciones, como fue la lamina del techo, las cortinas y las pastas del puesto, adem\u00e1s de que dentro de este lleva mercanc\u00eda y efectivo que el comerciante ten\u00eda dentro de su puesto, por lo que el solicit\u00f3 sacar sus cosas, pero los trabajadores no se lo permitieron, por lo que est\u00e1 buscando ayuda jur\u00eddica para ver que se puede hacer.<\/p>\n\n\n\n<p class=\"wp-block-paragraph\">Cabe destacar que esta no es la primera vez que se viene realizando es tipo de acciones, pues meses atr\u00e1s, pues meses atr\u00e1s este problema tambi\u00e9n se present\u00f3, en donde tambi\u00e9n afectaron las fuentes de ingresos de algunas familias.<\/p>\n\n\n\n<figure class=\"wp-block-gallery columns-1 wp-block-gallery-1 is-layout-flex wp-block-gallery-is-layout-flex\"><ul class=\"blocks-gallery-grid\"><li class=\"blocks-gallery-item\"><figure><img decoding=\"async\" src=\"https:\/\/www.enteratever.com\/2020\/wp-content\/uploads\/2021\/06\/2021EV0025.jpeg\" alt=\"\" data-id=\"47310\" data-full-url=\"https:\/\/www.enteratever.com\/2020\/wp-content\/uploads\/2021\/06\/2021EV0025.jpeg\" data-link=\"https:\/\/www.enteratever.com\/?attachment_id=47310\" class=\"wp-image-47310\"\/><\/figure><\/li><li class=\"blocks-gallery-item\"><figure><img decoding=\"async\" src=\"https:\/\/www.enteratever.com\/2020\/wp-content\/uploads\/2021\/06\/2021EV0024.jpeg\" alt=\"\" data-id=\"47311\" data-full-url=\"https:\/\/www.enteratever.com\/2020\/wp-content\/uploads\/2021\/06\/2021EV0024.jpeg\" data-link=\"https:\/\/www.enteratever.com\/?attachment_id=47311\" class=\"wp-image-47311\"\/><\/figure><\/li><li class=\"blocks-gallery-item\"><figure><img decoding=\"async\" src=\"https:\/\/www.enteratever.com\/2020\/wp-content\/uploads\/2021\/06\/2021EV0023.jpeg\" alt=\"\" data-id=\"47312\" data-full-url=\"https:\/\/www.enteratever.com\/2020\/wp-content\/uploads\/2021\/06\/2021EV0023.jpeg\" data-link=\"https:\/\/www.enteratever.com\/?attachment_id=47312\" class=\"wp-image-47312\"\/><\/figure><\/li><li class=\"blocks-gallery-item\"><figure><img decoding=\"async\" src=\"https:\/\/www.enteratever.com\/2020\/wp-content\/uploads\/2021\/06\/2021EV0022.jpeg\" alt=\"\" data-id=\"47313\" data-full-url=\"https:\/\/www.enteratever.com\/2020\/wp-content\/uploads\/2021\/06\/2021EV0022.jpeg\" data-link=\"https:\/\/www.enteratever.com\/?attachment_id=47313\" class=\"wp-image-47313\"\/><\/figure><\/li><li class=\"blocks-gallery-item\"><figure><img decoding=\"async\" src=\"https:\/\/www.enteratever.com\/2020\/wp-content\/uploads\/2021\/06\/2021EV0021.jpeg\" alt=\"\" data-id=\"47314\" data-full-url=\"https:\/\/www.enteratever.com\/2020\/wp-content\/uploads\/2021\/06\/2021EV0021.jpeg\" data-link=\"https:\/\/www.enteratever.com\/?attachment_id=47314\" class=\"wp-image-47314\"\/><\/figure><\/li><li class=\"blocks-gallery-item\"><figure><img decoding=\"async\" src=\"https:\/\/www.enteratever.com\/2020\/wp-content\/uploads\/2021\/06\/2021EV0020.jpeg\" alt=\"\" data-id=\"47315\" data-full-url=\"https:\/\/www.enteratever.com\/2020\/wp-content\/uploads\/2021\/06\/2021EV0020.jpeg\" data-link=\"https:\/\/www.enteratever.com\/?attachment_id=47315\" class=\"wp-image-47315\"\/><\/figure><\/li><\/ul><\/figure>\n","protected":false},"excerpt":{"rendered":"<p>Visitas: 1 Poza Rica, Veracruz.- Personal del \u00e1rea de comercio estuvieron retirando varios puestos de revistas que se encontraban en el primer cuadro de la ciudad, esto de que recibieran varios citatorios para que acudieran al \u00e1rea de comercio a cumplir con varios de los procesos que se les solicita para poder vender en los [&hellip;]<\/p>\n","protected":false},"author":4,"featured_media":173901,"comment_status":"open","ping_status":"open","sticky":false,"template":"","format":"standard","meta":{"footnotes":""},"categories":[213],"tags":[],"class_list":["post-173900","post","type-post","status-publish","format-standard","has-post-thumbnail","category-poza-rica"],"nelio_content":{"isAutoShareEnabled":true,"autoShareEndMode":"never","automationSources":{"useCustomSentences":false,"customSentences":[]},"followers":[],"suggestedReferences":[],"efiUrl":"","efiAlt":"","highlights":[],"permalinkQueryArgs":[],"series":[]},"_links":{"self":[{"href":"https:\/\/www.enteratever.com\/2023\/wp-json\/wp\/v2\/posts\/173900","targetHints":{"allow":["GET"]}}],"collection":[{"href":"https:\/\/www.enteratever.com\/2023\/wp-json\/wp\/v2\/posts"}],"about":[{"href":"https:\/\/www.enteratever.com\/2023\/wp-json\/wp\/v2\/types\/post"}],"author":[{"embeddable":true,"href":"https:\/\/www.enteratever.com\/2023\/wp-json\/wp\/v2\/users\/4"}],"replies":[{"embeddable":true,"href":"https:\/\/www.enteratever.com\/2023\/wp-json\/wp\/v2\/comments?post=173900"}],"version-history":[{"count":0,"href":"https:\/\/www.enteratever.com\/2023\/wp-json\/wp\/v2\/posts\/173900\/revisions"}],"wp:featuredmedia":[{"embeddable":true,"href":"https:\/\/www.enteratever.com\/2023\/wp-json\/wp\/v2\/media\/173901"}],"wp:attachment":[{"href":"https:\/\/www.enteratever.com\/2023\/wp-json\/wp\/v2\/media?parent=173900"}],"wp:term":[{"taxonomy":"category","embeddable":true,"href":"https:\/\/www.enteratever.com\/2023\/wp-json\/wp\/v2\/categories?post=173900"},{"taxonomy":"post_tag","embeddable":true,"href":"https:\/\/www.enteratever.com\/2023\/wp-json\/wp\/v2\/tags?post=173900"}],"curies":[{"name":"wp","href":"https:\/\/api.w.org\/{rel}","templated":true}]}}