{"id":173898,"date":"2021-06-02T20:57:31","date_gmt":"2021-06-02T20:57:31","guid":{"rendered":"https:\/\/www.enteratever.com\/2023\/todo-listo-para-las-elecciones-del-seis-de-junio\/"},"modified":"2021-06-02T20:57:31","modified_gmt":"2021-06-02T20:57:31","slug":"todo-listo-para-las-elecciones-del-seis-de-junio","status":"publish","type":"post","link":"https:\/\/www.enteratever.com\/2023\/2021\/06\/02\/todo-listo-para-las-elecciones-del-seis-de-junio\/","title":{"rendered":"Todo listo para las elecciones del seis de junio"},"content":{"rendered":"<p>Visitas: 0<\/p>\n<p class=\"wp-block-paragraph\">Llegan 136 mil 880 boletas de para la elecci\u00f3n a la alcald\u00eda, esto de acuerdo con H\u00e9ctor Santill\u00e1n P\u00e9rez, vocal de capacitaci\u00f3n del Consejo municipal 132 del OPLE, quien dijo que ya se cuenta con todo preparado para que el pr\u00f3ximo seis de junio la ciudadan\u00eda pueda salir a ejercer su voto, por el candidato de su elecci\u00f3n.<\/p>\n\n\n\n<p class=\"wp-block-paragraph\">A trav\u00e9s de sus redes sociales dio a conocer que al momento de la llegada de los paquetes electorales se realiz\u00f3 el conteo y sellado de la documentaci\u00f3n electorales como las actas de escrutinio y c\u00f3mputo, as\u00ed como las boletas electorales, dichos paquetes ser\u00e1n enterados en las 254 mesas directivas de casillas.<\/p>\n\n\n\n<p class=\"wp-block-paragraph\">El trabajo fue realizado por los capacitadores asistentes electorales, quienes se encargaron de verificar que el n\u00famero de boletas sea el correcto y el sellado de las mismas, se lleva a cabo para dar certeza de la veracidad del documento para evitar alg\u00fan mal entendi\u00f3 durante el proceso electoral.<\/p>\n\n\n\n<p class=\"wp-block-paragraph\">Hasta el momento no se ha presentado problema alguno con respecto al conteo por lo que ya se tiene todo preparado para el pr\u00f3ximo proceso electoral que se estar\u00e1 llevando acab\u00f3 el pr\u00f3ximo seis de junio, en donde se estar\u00e1 eligiendo a los pr\u00f3ximos diputados locales, federales y presidentes municipales.<\/p>\n\n\n\n<p class=\"wp-block-paragraph\">Cabe destacar que los candidatos a partir del tres ya no podr\u00e1n realizar ning\u00fan tipo de acto de campa\u00f1a, ya que se estrenar\u00e1 en un proceso que los ciudadanos tienen para reflexionar y saber a qui\u00e9n le estar\u00e1n entregando su voto, por lo que ya solo queda esperar a que sea el pr\u00f3ximo seis de junio y la ciudadan\u00eda salga a votar.<\/p>\n\n\n\n<figure class=\"wp-block-gallery columns-1 wp-block-gallery-1 is-layout-flex wp-block-gallery-is-layout-flex\"><ul class=\"blocks-gallery-grid\"><li class=\"blocks-gallery-item\"><figure><img decoding=\"async\" src=\"https:\/\/www.enteratever.com\/2020\/wp-content\/uploads\/2021\/06\/2021EV0012.jpeg\" alt=\"\" data-id=\"47211\" data-full-url=\"https:\/\/www.enteratever.com\/2020\/wp-content\/uploads\/2021\/06\/2021EV0012.jpeg\" data-link=\"https:\/\/www.enteratever.com\/?attachment_id=47211\" class=\"wp-image-47211\"\/><\/figure><\/li><li class=\"blocks-gallery-item\"><figure><img decoding=\"async\" src=\"https:\/\/www.enteratever.com\/2020\/wp-content\/uploads\/2021\/06\/2021EV0013.jpeg\" alt=\"\" data-id=\"47212\" data-full-url=\"https:\/\/www.enteratever.com\/2020\/wp-content\/uploads\/2021\/06\/2021EV0013.jpeg\" data-link=\"https:\/\/www.enteratever.com\/?attachment_id=47212\" class=\"wp-image-47212\"\/><\/figure><\/li><li class=\"blocks-gallery-item\"><figure><img decoding=\"async\" src=\"https:\/\/www.enteratever.com\/2020\/wp-content\/uploads\/2021\/06\/2021EV0014.jpeg\" alt=\"\" data-id=\"47213\" data-full-url=\"https:\/\/www.enteratever.com\/2020\/wp-content\/uploads\/2021\/06\/2021EV0014.jpeg\" data-link=\"https:\/\/www.enteratever.com\/?attachment_id=47213\" class=\"wp-image-47213\"\/><\/figure><\/li><li class=\"blocks-gallery-item\"><figure><img decoding=\"async\" src=\"https:\/\/www.enteratever.com\/2020\/wp-content\/uploads\/2021\/06\/2021EV0015.jpeg\" alt=\"\" data-id=\"47214\" data-full-url=\"https:\/\/www.enteratever.com\/2020\/wp-content\/uploads\/2021\/06\/2021EV0015.jpeg\" data-link=\"https:\/\/www.enteratever.com\/?attachment_id=47214\" class=\"wp-image-47214\"\/><\/figure><\/li><li class=\"blocks-gallery-item\"><figure><img decoding=\"async\" src=\"https:\/\/www.enteratever.com\/2020\/wp-content\/uploads\/2021\/06\/2021EV0016.jpeg\" alt=\"\" data-id=\"47215\" data-full-url=\"https:\/\/www.enteratever.com\/2020\/wp-content\/uploads\/2021\/06\/2021EV0016.jpeg\" data-link=\"https:\/\/www.enteratever.com\/?attachment_id=47215\" class=\"wp-image-47215\"\/><\/figure><\/li><li class=\"blocks-gallery-item\"><figure><img decoding=\"async\" src=\"https:\/\/www.enteratever.com\/2020\/wp-content\/uploads\/2021\/06\/2021EV0017.jpeg\" alt=\"\" data-id=\"47216\" data-full-url=\"https:\/\/www.enteratever.com\/2020\/wp-content\/uploads\/2021\/06\/2021EV0017.jpeg\" data-link=\"https:\/\/www.enteratever.com\/?attachment_id=47216\" class=\"wp-image-47216\"\/><\/figure><\/li><li class=\"blocks-gallery-item\"><figure><img decoding=\"async\" src=\"https:\/\/www.enteratever.com\/2020\/wp-content\/uploads\/2021\/06\/2021EV0018.jpeg\" alt=\"\" data-id=\"47217\" data-full-url=\"https:\/\/www.enteratever.com\/2020\/wp-content\/uploads\/2021\/06\/2021EV0018.jpeg\" data-link=\"https:\/\/www.enteratever.com\/?attachment_id=47217\" class=\"wp-image-47217\"\/><\/figure><\/li><li class=\"blocks-gallery-item\"><figure><img decoding=\"async\" src=\"https:\/\/www.enteratever.com\/2020\/wp-content\/uploads\/2021\/06\/2021EV0019.jpeg\" alt=\"\" data-id=\"47218\" data-full-url=\"https:\/\/www.enteratever.com\/2020\/wp-content\/uploads\/2021\/06\/2021EV0019.jpeg\" data-link=\"https:\/\/www.enteratever.com\/?attachment_id=47218\" class=\"wp-image-47218\"\/><\/figure><\/li><\/ul><\/figure>\n","protected":false},"excerpt":{"rendered":"<p>Visitas: 0 Llegan 136 mil 880 boletas de para la elecci\u00f3n a la alcald\u00eda, esto de acuerdo con H\u00e9ctor Santill\u00e1n P\u00e9rez, vocal de capacitaci\u00f3n del Consejo municipal 132 del OPLE, quien dijo que ya se cuenta con todo preparado para que el pr\u00f3ximo seis de junio la ciudadan\u00eda pueda salir a ejercer su voto, por [&hellip;]<\/p>\n","protected":false},"author":4,"featured_media":173899,"comment_status":"open","ping_status":"open","sticky":false,"template":"","format":"standard","meta":{"footnotes":""},"categories":[213],"tags":[],"class_list":["post-173898","post","type-post","status-publish","format-standard","has-post-thumbnail","category-poza-rica"],"nelio_content":{"isAutoShareEnabled":true,"autoShareEndMode":"never","automationSources":{"useCustomSentences":false,"customSentences":[]},"followers":[],"suggestedReferences":[],"efiUrl":"","efiAlt":"","highlights":[],"permalinkQueryArgs":[],"series":[]},"_links":{"self":[{"href":"https:\/\/www.enteratever.com\/2023\/wp-json\/wp\/v2\/posts\/173898","targetHints":{"allow":["GET"]}}],"collection":[{"href":"https:\/\/www.enteratever.com\/2023\/wp-json\/wp\/v2\/posts"}],"about":[{"href":"https:\/\/www.enteratever.com\/2023\/wp-json\/wp\/v2\/types\/post"}],"author":[{"embeddable":true,"href":"https:\/\/www.enteratever.com\/2023\/wp-json\/wp\/v2\/users\/4"}],"replies":[{"embeddable":true,"href":"https:\/\/www.enteratever.com\/2023\/wp-json\/wp\/v2\/comments?post=173898"}],"version-history":[{"count":0,"href":"https:\/\/www.enteratever.com\/2023\/wp-json\/wp\/v2\/posts\/173898\/revisions"}],"wp:featuredmedia":[{"embeddable":true,"href":"https:\/\/www.enteratever.com\/2023\/wp-json\/wp\/v2\/media\/173899"}],"wp:attachment":[{"href":"https:\/\/www.enteratever.com\/2023\/wp-json\/wp\/v2\/media?parent=173898"}],"wp:term":[{"taxonomy":"category","embeddable":true,"href":"https:\/\/www.enteratever.com\/2023\/wp-json\/wp\/v2\/categories?post=173898"},{"taxonomy":"post_tag","embeddable":true,"href":"https:\/\/www.enteratever.com\/2023\/wp-json\/wp\/v2\/tags?post=173898"}],"curies":[{"name":"wp","href":"https:\/\/api.w.org\/{rel}","templated":true}]}}