{"id":173890,"date":"2021-06-01T18:48:18","date_gmt":"2021-06-01T18:48:18","guid":{"rendered":"https:\/\/www.enteratever.com\/2023\/continuan-entregando-kits-sanitarios-a-escuelas-de-la-region\/"},"modified":"2021-06-01T18:48:18","modified_gmt":"2021-06-01T18:48:18","slug":"continuan-entregando-kits-sanitarios-a-escuelas-de-la-region","status":"publish","type":"post","link":"https:\/\/www.enteratever.com\/2023\/2021\/06\/01\/continuan-entregando-kits-sanitarios-a-escuelas-de-la-region\/","title":{"rendered":"Contin\u00faan entregando kits sanitarios a escuelas de la regi\u00f3n"},"content":{"rendered":"<p>Visitas: 5<\/p>\n<p class=\"wp-block-paragraph\">A fin de que las escuelas sean espacios seguros ante covid-19 la ma\u00f1ana de este martes primero de junio estuvieron entregando kits sanitarios a los directores de las diferentes escuelas de la ciudad, por lo que desde temprana hora los docentes llegaron al almac\u00e9n Regional se libros gratuitos.<\/p>\n\n\n\n<p class=\"wp-block-paragraph\">A los docentes se les estuvieron entregando varias botellas de gel antibacterial, l\u00edquido sanitizantes, y bombas de aspersi\u00f3n para fumigar sus instalaciones, con ello se busca que las aulas est\u00e9n libres de virus cuando las autoridades consideren oportuno que los estudiantes puedan regresar a<\/p>\n\n\n\n<p class=\"wp-block-paragraph\">Esta actividad estuvieron realizando desde semanas pasadas, cuando se hab\u00eda dado a conocer que el pasado 24 de mayo estar\u00edan regresando a los salones para las clases presenciales, pero debido a que el sem\u00e1foro epidemiol\u00f3gico no ha permitido que los ni\u00f1os puedan regresar a clases.<\/p>\n\n\n\n<p class=\"wp-block-paragraph\">La entrega no solo son para las escuelas del municipio de Poza Rica sino tambi\u00e9n para lo 14 municipios que conforman la regi\u00f3n, esto a fin de evitar el riesgo de contagios entre los menores de edad, adem\u00e1s de que forman parte de las medidas sanitarias de la nueva normalidad.<\/p>\n\n\n\n<p class=\"wp-block-paragraph\">De acuerdo con las autoridades escolares indicaron que de manera interna realizan actividades para la convivencia escolar en tiempos de pandemia, y estar listos para cuando las autoridades federales y sanitarias consideren pertinente el regreso a clases presenciales.<\/p>\n\n\n\n<figure class=\"wp-block-gallery columns-1 wp-block-gallery-1 is-layout-flex wp-block-gallery-is-layout-flex\"><ul class=\"blocks-gallery-grid\"><li class=\"blocks-gallery-item\"><figure><img decoding=\"async\" src=\"https:\/\/www.enteratever.com\/2020\/wp-content\/uploads\/2021\/06\/2021EV01238-1.jpeg\" alt=\"\" data-id=\"47107\" data-full-url=\"https:\/\/www.enteratever.com\/2020\/wp-content\/uploads\/2021\/06\/2021EV01238-1.jpeg\" data-link=\"https:\/\/www.enteratever.com\/?attachment_id=47107\" class=\"wp-image-47107\"\/><\/figure><\/li><li class=\"blocks-gallery-item\"><figure><img decoding=\"async\" src=\"https:\/\/www.enteratever.com\/2020\/wp-content\/uploads\/2021\/06\/2021EV01239-1.jpeg\" alt=\"\" data-id=\"47108\" data-full-url=\"https:\/\/www.enteratever.com\/2020\/wp-content\/uploads\/2021\/06\/2021EV01239-1.jpeg\" data-link=\"https:\/\/www.enteratever.com\/?attachment_id=47108\" class=\"wp-image-47108\"\/><\/figure><\/li><li class=\"blocks-gallery-item\"><figure><img decoding=\"async\" src=\"https:\/\/www.enteratever.com\/2020\/wp-content\/uploads\/2021\/06\/2021EV01240-1.jpeg\" alt=\"\" data-id=\"47109\" data-full-url=\"https:\/\/www.enteratever.com\/2020\/wp-content\/uploads\/2021\/06\/2021EV01240-1.jpeg\" data-link=\"https:\/\/www.enteratever.com\/?attachment_id=47109\" class=\"wp-image-47109\"\/><\/figure><\/li><li class=\"blocks-gallery-item\"><figure><img decoding=\"async\" src=\"https:\/\/www.enteratever.com\/2020\/wp-content\/uploads\/2021\/06\/2021EV01241-1.jpeg\" alt=\"\" data-id=\"47110\" data-full-url=\"https:\/\/www.enteratever.com\/2020\/wp-content\/uploads\/2021\/06\/2021EV01241-1.jpeg\" data-link=\"https:\/\/www.enteratever.com\/?attachment_id=47110\" class=\"wp-image-47110\"\/><\/figure><\/li><li class=\"blocks-gallery-item\"><figure><img decoding=\"async\" src=\"https:\/\/www.enteratever.com\/2020\/wp-content\/uploads\/2021\/06\/2021EV01242-1.jpeg\" alt=\"\" data-id=\"47111\" data-full-url=\"https:\/\/www.enteratever.com\/2020\/wp-content\/uploads\/2021\/06\/2021EV01242-1.jpeg\" data-link=\"https:\/\/www.enteratever.com\/?attachment_id=47111\" class=\"wp-image-47111\"\/><\/figure><\/li><li class=\"blocks-gallery-item\"><figure><img decoding=\"async\" src=\"https:\/\/www.enteratever.com\/2020\/wp-content\/uploads\/2021\/06\/2021EV01243-1.jpeg\" alt=\"\" data-id=\"47112\" data-full-url=\"https:\/\/www.enteratever.com\/2020\/wp-content\/uploads\/2021\/06\/2021EV01243-1.jpeg\" data-link=\"https:\/\/www.enteratever.com\/?attachment_id=47112\" class=\"wp-image-47112\"\/><\/figure><\/li><li class=\"blocks-gallery-item\"><figure><img decoding=\"async\" src=\"https:\/\/www.enteratever.com\/2020\/wp-content\/uploads\/2021\/06\/2021EV01244.jpeg\" alt=\"\" data-id=\"47113\" data-full-url=\"https:\/\/www.enteratever.com\/2020\/wp-content\/uploads\/2021\/06\/2021EV01244.jpeg\" data-link=\"https:\/\/www.enteratever.com\/?attachment_id=47113\" class=\"wp-image-47113\"\/><\/figure><\/li><li class=\"blocks-gallery-item\"><figure><img decoding=\"async\" src=\"https:\/\/www.enteratever.com\/2020\/wp-content\/uploads\/2021\/06\/2021EV01245.jpeg\" alt=\"\" data-id=\"47114\" data-full-url=\"https:\/\/www.enteratever.com\/2020\/wp-content\/uploads\/2021\/06\/2021EV01245.jpeg\" data-link=\"https:\/\/www.enteratever.com\/?attachment_id=47114\" class=\"wp-image-47114\"\/><\/figure><\/li><\/ul><\/figure>\n","protected":false},"excerpt":{"rendered":"<p>Visitas: 5 A fin de que las escuelas sean espacios seguros ante covid-19 la ma\u00f1ana de este martes primero de junio estuvieron entregando kits sanitarios a los directores de las diferentes escuelas de la ciudad, por lo que desde temprana hora los docentes llegaron al almac\u00e9n Regional se libros gratuitos. A los docentes se les [&hellip;]<\/p>\n","protected":false},"author":4,"featured_media":173891,"comment_status":"open","ping_status":"open","sticky":false,"template":"","format":"standard","meta":{"footnotes":""},"categories":[213],"tags":[],"class_list":["post-173890","post","type-post","status-publish","format-standard","has-post-thumbnail","category-poza-rica"],"nelio_content":{"isAutoShareEnabled":true,"autoShareEndMode":"never","automationSources":{"useCustomSentences":false,"customSentences":[]},"followers":[],"suggestedReferences":[],"efiUrl":"","efiAlt":"","highlights":[],"permalinkQueryArgs":[],"series":[]},"_links":{"self":[{"href":"https:\/\/www.enteratever.com\/2023\/wp-json\/wp\/v2\/posts\/173890","targetHints":{"allow":["GET"]}}],"collection":[{"href":"https:\/\/www.enteratever.com\/2023\/wp-json\/wp\/v2\/posts"}],"about":[{"href":"https:\/\/www.enteratever.com\/2023\/wp-json\/wp\/v2\/types\/post"}],"author":[{"embeddable":true,"href":"https:\/\/www.enteratever.com\/2023\/wp-json\/wp\/v2\/users\/4"}],"replies":[{"embeddable":true,"href":"https:\/\/www.enteratever.com\/2023\/wp-json\/wp\/v2\/comments?post=173890"}],"version-history":[{"count":0,"href":"https:\/\/www.enteratever.com\/2023\/wp-json\/wp\/v2\/posts\/173890\/revisions"}],"wp:featuredmedia":[{"embeddable":true,"href":"https:\/\/www.enteratever.com\/2023\/wp-json\/wp\/v2\/media\/173891"}],"wp:attachment":[{"href":"https:\/\/www.enteratever.com\/2023\/wp-json\/wp\/v2\/media?parent=173890"}],"wp:term":[{"taxonomy":"category","embeddable":true,"href":"https:\/\/www.enteratever.com\/2023\/wp-json\/wp\/v2\/categories?post=173890"},{"taxonomy":"post_tag","embeddable":true,"href":"https:\/\/www.enteratever.com\/2023\/wp-json\/wp\/v2\/tags?post=173890"}],"curies":[{"name":"wp","href":"https:\/\/api.w.org\/{rel}","templated":true}]}}