{"id":173876,"date":"2021-05-30T21:43:21","date_gmt":"2021-05-30T21:43:21","guid":{"rendered":"https:\/\/www.enteratever.com\/2023\/ciudadania-y-autoridades-municipales-bajan-la-guardia-ante-el-covid-19\/"},"modified":"2021-05-30T21:43:21","modified_gmt":"2021-05-30T21:43:21","slug":"ciudadania-y-autoridades-municipales-bajan-la-guardia-ante-el-covid-19","status":"publish","type":"post","link":"https:\/\/www.enteratever.com\/2023\/2021\/05\/30\/ciudadania-y-autoridades-municipales-bajan-la-guardia-ante-el-covid-19\/","title":{"rendered":"Ciudadan\u00eda y autoridades municipales bajan la guardia ante el Covid-19"},"content":{"rendered":"<p>Visitas: 4<\/p>\n<p class=\"wp-block-paragraph\">Poza Rica, Veracruz.- Pese a que el sem\u00e1foro epidemiol\u00f3gico en el municipio, ciudadan\u00eda y autoridades municipales han bajado la guardia, pues la ciudadan\u00eda recorre el primer cuadro de la ciudad sin cubrebocas, sabiendo que en este lugar suele reunirse muchas personas que salen a realizar sus compras.<\/p>\n\n\n\n<p class=\"wp-block-paragraph\">Por su lado el ayuntamiento desde que inici\u00f3 con la jornada de vacunaci\u00f3n las autoridades municipales dio la orden de quitar las vallas para evitar que autos particulares ingresaran al primer cuadro de la ciudad, adem\u00e1s de que ya no se encuentran los filtros sanitarios que se hab\u00edan colocado para reducir el riego de contagio.<\/p>\n\n\n\n<p class=\"wp-block-paragraph\">Adem\u00e1s de que el proceso electoral ha sido un factor por el cual tambi\u00e9n han incrementado los caso de covid-19, pues los pol\u00edticos han estado realizando recorridos por la ciudad y algunos de estos se han olvidado de las medidas sanitarias, algunos otros taren consigo a varias personas que esto genera aglomeraciones de personas.<\/p>\n\n\n\n<p class=\"wp-block-paragraph\">Actualmente el municipio cuenta con un total de tres mil 723 casos confirmados, mil 93 casos sospechosos y 621 defunciones de acuerdo al ultimo recorte que se hizo, por lo que a ra\u00edz que se inicio con la jornada de vacunaci\u00f3n la poblaci\u00f3n ha regresado a sus actividades comunes y se ha olvidado de respetar las medidas sanitarias.<\/p>\n\n\n\n<p class=\"wp-block-paragraph\">De seguir en esta situaci\u00f3n la ciudad podr\u00eda regresar a sem\u00e1foro color rojo debido a la gran cantidad de casos que se estar\u00edan generando, lo que generar\u00eda que los hospitales en donde atienden a pacientes con esta enfermedad incremente considerablemente y la ciudad se volver\u00eda a paralizar.<\/p>\n\n\n\n<figure class=\"wp-block-gallery columns-1 wp-block-gallery-1 is-layout-flex wp-block-gallery-is-layout-flex\"><ul class=\"blocks-gallery-grid\"><li class=\"blocks-gallery-item\"><figure><img decoding=\"async\" src=\"https:\/\/www.enteratever.com\/2020\/wp-content\/uploads\/2021\/05\/2021EV0836.jpeg\" alt=\"\" data-id=\"46877\" data-full-url=\"https:\/\/www.enteratever.com\/2020\/wp-content\/uploads\/2021\/05\/2021EV0836.jpeg\" data-link=\"https:\/\/www.enteratever.com\/?attachment_id=46877\" class=\"wp-image-46877\"\/><\/figure><\/li><li class=\"blocks-gallery-item\"><figure><img decoding=\"async\" src=\"https:\/\/www.enteratever.com\/2020\/wp-content\/uploads\/2021\/05\/2021EV0835.jpeg\" alt=\"\" data-id=\"46878\" data-full-url=\"https:\/\/www.enteratever.com\/2020\/wp-content\/uploads\/2021\/05\/2021EV0835.jpeg\" data-link=\"https:\/\/www.enteratever.com\/?attachment_id=46878\" class=\"wp-image-46878\"\/><\/figure><\/li><li class=\"blocks-gallery-item\"><figure><img decoding=\"async\" src=\"https:\/\/www.enteratever.com\/2020\/wp-content\/uploads\/2021\/05\/2021EV0834.jpeg\" alt=\"\" data-id=\"46879\" data-full-url=\"https:\/\/www.enteratever.com\/2020\/wp-content\/uploads\/2021\/05\/2021EV0834.jpeg\" data-link=\"https:\/\/www.enteratever.com\/?attachment_id=46879\" class=\"wp-image-46879\"\/><\/figure><\/li><li class=\"blocks-gallery-item\"><figure><img decoding=\"async\" src=\"https:\/\/www.enteratever.com\/2020\/wp-content\/uploads\/2021\/05\/2021EV0833.jpeg\" alt=\"\" data-id=\"46880\" data-full-url=\"https:\/\/www.enteratever.com\/2020\/wp-content\/uploads\/2021\/05\/2021EV0833.jpeg\" data-link=\"https:\/\/www.enteratever.com\/?attachment_id=46880\" class=\"wp-image-46880\"\/><\/figure><\/li><li class=\"blocks-gallery-item\"><figure><img decoding=\"async\" src=\"https:\/\/www.enteratever.com\/2020\/wp-content\/uploads\/2021\/05\/2021EV0832.jpeg\" alt=\"\" data-id=\"46881\" data-full-url=\"https:\/\/www.enteratever.com\/2020\/wp-content\/uploads\/2021\/05\/2021EV0832.jpeg\" data-link=\"https:\/\/www.enteratever.com\/?attachment_id=46881\" class=\"wp-image-46881\"\/><\/figure><\/li><li class=\"blocks-gallery-item\"><figure><img decoding=\"async\" src=\"https:\/\/www.enteratever.com\/2020\/wp-content\/uploads\/2021\/05\/2021EV0831-1.jpeg\" alt=\"\" data-id=\"46882\" data-full-url=\"https:\/\/www.enteratever.com\/2020\/wp-content\/uploads\/2021\/05\/2021EV0831-1.jpeg\" data-link=\"https:\/\/www.enteratever.com\/?attachment_id=46882\" class=\"wp-image-46882\"\/><\/figure><\/li><\/ul><\/figure>\n","protected":false},"excerpt":{"rendered":"<p>Visitas: 4 Poza Rica, Veracruz.- Pese a que el sem\u00e1foro epidemiol\u00f3gico en el municipio, ciudadan\u00eda y autoridades municipales han bajado la guardia, pues la ciudadan\u00eda recorre el primer cuadro de la ciudad sin cubrebocas, sabiendo que en este lugar suele reunirse muchas personas que salen a realizar sus compras. Por su lado el ayuntamiento desde [&hellip;]<\/p>\n","protected":false},"author":4,"featured_media":173877,"comment_status":"open","ping_status":"open","sticky":false,"template":"","format":"standard","meta":{"footnotes":""},"categories":[213],"tags":[],"class_list":["post-173876","post","type-post","status-publish","format-standard","has-post-thumbnail","category-poza-rica"],"nelio_content":{"isAutoShareEnabled":true,"autoShareEndMode":"never","automationSources":{"useCustomSentences":false,"customSentences":[]},"followers":[],"suggestedReferences":[],"efiUrl":"","efiAlt":"","highlights":[],"permalinkQueryArgs":[],"series":[]},"_links":{"self":[{"href":"https:\/\/www.enteratever.com\/2023\/wp-json\/wp\/v2\/posts\/173876","targetHints":{"allow":["GET"]}}],"collection":[{"href":"https:\/\/www.enteratever.com\/2023\/wp-json\/wp\/v2\/posts"}],"about":[{"href":"https:\/\/www.enteratever.com\/2023\/wp-json\/wp\/v2\/types\/post"}],"author":[{"embeddable":true,"href":"https:\/\/www.enteratever.com\/2023\/wp-json\/wp\/v2\/users\/4"}],"replies":[{"embeddable":true,"href":"https:\/\/www.enteratever.com\/2023\/wp-json\/wp\/v2\/comments?post=173876"}],"version-history":[{"count":0,"href":"https:\/\/www.enteratever.com\/2023\/wp-json\/wp\/v2\/posts\/173876\/revisions"}],"wp:featuredmedia":[{"embeddable":true,"href":"https:\/\/www.enteratever.com\/2023\/wp-json\/wp\/v2\/media\/173877"}],"wp:attachment":[{"href":"https:\/\/www.enteratever.com\/2023\/wp-json\/wp\/v2\/media?parent=173876"}],"wp:term":[{"taxonomy":"category","embeddable":true,"href":"https:\/\/www.enteratever.com\/2023\/wp-json\/wp\/v2\/categories?post=173876"},{"taxonomy":"post_tag","embeddable":true,"href":"https:\/\/www.enteratever.com\/2023\/wp-json\/wp\/v2\/tags?post=173876"}],"curies":[{"name":"wp","href":"https:\/\/api.w.org\/{rel}","templated":true}]}}