{"id":173874,"date":"2021-05-28T22:19:03","date_gmt":"2021-05-28T22:19:03","guid":{"rendered":"https:\/\/www.enteratever.com\/2023\/fiscalia-no-responde-solicitudes-de-ex-policias-intermunicipales\/"},"modified":"2021-05-28T22:19:03","modified_gmt":"2021-05-28T22:19:03","slug":"fiscalia-no-responde-solicitudes-de-ex-policias-intermunicipales","status":"publish","type":"post","link":"https:\/\/www.enteratever.com\/2023\/2021\/05\/28\/fiscalia-no-responde-solicitudes-de-ex-policias-intermunicipales\/","title":{"rendered":"Fiscal\u00eda no responde solicitudes de ex polic\u00edas intermunicipales"},"content":{"rendered":"<p>Visitas: 3<\/p>\n<p class=\"wp-block-paragraph\">Luego de que la denuncia por falsificaci\u00f3n de firmas no ha prosperado, ex integrantes dela polic\u00eda intermunicipal, se estuvieron manifestando la ma\u00f1ana de est\u00e9s viernes 28 de mayo en la p\u00e9rgola del parque Benito Ju\u00e1rez, los cuales fueron despedidos de manera injustificada, por lo que siguen su lucha para tener justicia.<\/p>\n\n\n\n<p class=\"wp-block-paragraph\">De acuerdo con Eder Oscar Ju\u00e1rez T\u00e9llez, representante legal de los ex polic\u00edas dijo que est\u00e1 lucha viene desde el 2015 cuando despu\u00e9s de ser despedimos sin justificaci\u00f3n alguna falsificaron sus firmas y ex trabajadores de gobierno fueron los que firmaron y obtuvieron el dinero de los a\u00f1os que estuvieron prestando su servicio como polic\u00edas intermunicipales.<\/p>\n\n\n\n<p class=\"wp-block-paragraph\">Son m\u00e1s de nueve millones de pesos, en total w lo que les correspond\u00eda a cada uno de los elementos, pero el dinero nunca lo recibieron, por lo que interpusieron una denunciaron en contra de Arturo Berm\u00fadez Zurita, quien fuera titular de la Secretar\u00eda de Seguridad P\u00fablica (SSPE) y del ex gobernador Javier Duarte de Ochoa.<\/p>\n\n\n\n<p class=\"wp-block-paragraph\">Ju\u00e1rez T\u00e9llez dijo que han recurriendo a Andr\u00e9s Manuel L\u00f3pez Obrador ya que no cuentan con el apoyo de ning\u00fan funcionario estatal dijo que en m\u00e1s de m\u00e1s veces han metido documentos a su oficina particular para formalizar una audiencia con \u00e9l y el comit\u00e9, lo cual ha sido denegado yes por esa raz\u00f3n que solicitan el apoyo del Gobierno Federal.<\/p>\n\n\n\n<p class=\"wp-block-paragraph\">Hasta el momento no les han hecho caso, expresaron que ya no tienen la misma fuerza que antes, anteriormente hab\u00eda m\u00e1s ganas ahora muchos de ellos est\u00e1n enfermos la diabetes algunos otros de c\u00e1ncer, mientras que la Fiscal\u00eda no act\u00faa, por lo que lamentaron que aceleren otros casos y el de ellos no.<\/p>\n\n\n\n<figure class=\"wp-block-gallery columns-1 wp-block-gallery-1 is-layout-flex wp-block-gallery-is-layout-flex\"><ul class=\"blocks-gallery-grid\"><li class=\"blocks-gallery-item\"><figure><img decoding=\"async\" src=\"https:\/\/www.enteratever.com\/2020\/wp-content\/uploads\/2021\/05\/2021EV0828-2.jpeg\" alt=\"\" data-id=\"46852\" data-full-url=\"https:\/\/www.enteratever.com\/2020\/wp-content\/uploads\/2021\/05\/2021EV0828-2.jpeg\" data-link=\"https:\/\/www.enteratever.com\/?attachment_id=46852\" class=\"wp-image-46852\"\/><\/figure><\/li><li class=\"blocks-gallery-item\"><figure><img decoding=\"async\" src=\"https:\/\/www.enteratever.com\/2020\/wp-content\/uploads\/2021\/05\/2021EV0829-1.jpeg\" alt=\"\" data-id=\"46853\" data-full-url=\"https:\/\/www.enteratever.com\/2020\/wp-content\/uploads\/2021\/05\/2021EV0829-1.jpeg\" data-link=\"https:\/\/www.enteratever.com\/?attachment_id=46853\" class=\"wp-image-46853\"\/><\/figure><\/li><li class=\"blocks-gallery-item\"><figure><img decoding=\"async\" src=\"https:\/\/www.enteratever.com\/2020\/wp-content\/uploads\/2021\/05\/2021EV0830-1.jpeg\" alt=\"\" data-id=\"46854\" data-full-url=\"https:\/\/www.enteratever.com\/2020\/wp-content\/uploads\/2021\/05\/2021EV0830-1.jpeg\" data-link=\"https:\/\/www.enteratever.com\/?attachment_id=46854\" class=\"wp-image-46854\"\/><\/figure><\/li><\/ul><\/figure>\n","protected":false},"excerpt":{"rendered":"<p>Visitas: 3 Luego de que la denuncia por falsificaci\u00f3n de firmas no ha prosperado, ex integrantes dela polic\u00eda intermunicipal, se estuvieron manifestando la ma\u00f1ana de est\u00e9s viernes 28 de mayo en la p\u00e9rgola del parque Benito Ju\u00e1rez, los cuales fueron despedidos de manera injustificada, por lo que siguen su lucha para tener justicia. De acuerdo [&hellip;]<\/p>\n","protected":false},"author":4,"featured_media":173875,"comment_status":"open","ping_status":"open","sticky":false,"template":"","format":"standard","meta":{"footnotes":""},"categories":[213],"tags":[],"class_list":["post-173874","post","type-post","status-publish","format-standard","has-post-thumbnail","category-poza-rica"],"nelio_content":{"isAutoShareEnabled":true,"autoShareEndMode":"never","automationSources":{"useCustomSentences":false,"customSentences":[]},"followers":[],"suggestedReferences":[],"efiUrl":"","efiAlt":"","highlights":[],"permalinkQueryArgs":[],"series":[]},"_links":{"self":[{"href":"https:\/\/www.enteratever.com\/2023\/wp-json\/wp\/v2\/posts\/173874","targetHints":{"allow":["GET"]}}],"collection":[{"href":"https:\/\/www.enteratever.com\/2023\/wp-json\/wp\/v2\/posts"}],"about":[{"href":"https:\/\/www.enteratever.com\/2023\/wp-json\/wp\/v2\/types\/post"}],"author":[{"embeddable":true,"href":"https:\/\/www.enteratever.com\/2023\/wp-json\/wp\/v2\/users\/4"}],"replies":[{"embeddable":true,"href":"https:\/\/www.enteratever.com\/2023\/wp-json\/wp\/v2\/comments?post=173874"}],"version-history":[{"count":0,"href":"https:\/\/www.enteratever.com\/2023\/wp-json\/wp\/v2\/posts\/173874\/revisions"}],"wp:featuredmedia":[{"embeddable":true,"href":"https:\/\/www.enteratever.com\/2023\/wp-json\/wp\/v2\/media\/173875"}],"wp:attachment":[{"href":"https:\/\/www.enteratever.com\/2023\/wp-json\/wp\/v2\/media?parent=173874"}],"wp:term":[{"taxonomy":"category","embeddable":true,"href":"https:\/\/www.enteratever.com\/2023\/wp-json\/wp\/v2\/categories?post=173874"},{"taxonomy":"post_tag","embeddable":true,"href":"https:\/\/www.enteratever.com\/2023\/wp-json\/wp\/v2\/tags?post=173874"}],"curies":[{"name":"wp","href":"https:\/\/api.w.org\/{rel}","templated":true}]}}